{"id":25897,"date":"2014-04-09T13:45:44","date_gmt":"2014-04-09T16:45:44","guid":{"rendered":"http:\/\/vocesdebaires.com.ar\/wordpress\/index.php\/2014\/04\/09\/macri-acompano-a-vidal-a-lomas-de-zamora-2\/"},"modified":"2014-04-09T13:45:44","modified_gmt":"2014-04-09T16:45:44","slug":"macri-acompano-a-vidal-a-lomas-de-zamora-2","status":"publish","type":"post","link":"https:\/\/vocesdebaires.com.ar\/index.php\/2014\/04\/09\/macri-acompano-a-vidal-a-lomas-de-zamora-2\/","title":{"rendered":"Macri acompa\u00f1\u00f3 a Vidal a Lomas de Zamora"},"content":{"rendered":"<p><span style=\"line-height: 1.3em;\"> La referente del pro bonaerense Mar\u00eda Eugenia Vidal recorri\u00f3 hoy acompa\u00f1ada del jefe de gobierno porte\u00f1o, Mauricio Macri, el barrio San Jos\u00e9 de Lomas de Zamora, donde dialogaron con vecinos y comerciantes sobre las problem\u00e1ticas de la zona.<\/span><span style=\"line-height: 1.3em;\">Durante las distintas reuniones con vecinos, Vidal sostuvo: \u00abNo es momento de hablar de candidaturas, quiero ser parte del equipo que a partir de 2015 cambie la provincia y el pa\u00eds. La gente est\u00e1 cansada de vivir insegura, sin cloacas, sin asfalto, y nosotros creemos que esta realidad se puede revertir\u00bb.<\/span><\/p>\n<p><span style=\"line-height: 1.3em;\">Macri y Vidal caminaron junto al referente local Ignacio Grecco. \u00abTenemos una manera diferente de gobernar y queremos que la gente nos elija para seguir creciendo y mejorando su calidad de vida. As\u00ed como en la Ciudad soy parte de un equipo que pudo cambiar las cosas, quiero tambi\u00e9n ser parte del equipo que cambie la vida de los bonaerenses\u00bb, finaliz\u00f3 Vidal.<\/span><\/p>\n","protected":false},"excerpt":{"rendered":"<p>La referente del pro bonaerense Mar\u00eda Eugenia Vidal recorri\u00f3 hoy acompa\u00f1ada del jefe de gobierno porte\u00f1o, Mauricio Macri, el barrio San Jos\u00e9 de Lomas de Zamora, donde dialogaron con vecinos y comerciantes sobre las problem\u00e1ticas de la zona.Durante las distintas reuniones con vecinos, Vidal sostuvo: \u00abNo es momento de hablar de candidaturas, quiero ser parte [&hellip;]<\/p>\n","protected":false},"author":2,"featured_media":22946,"comment_status":"open","ping_status":"open","sticky":false,"template":"","format":"standard","meta":{"_et_pb_use_builder":"","_et_pb_old_content":"","_et_gb_content_width":"","footnotes":""},"categories":[11,44],"tags":[],"class_list":["post-25897","post","type-post","status-publish","format-standard","has-post-thumbnail","hentry","category-ciudad","category-funcionarios-de-la-caba"],"_links":{"self":[{"href":"https:\/\/vocesdebaires.com.ar\/index.php\/wp-json\/wp\/v2\/posts\/25897"}],"collection":[{"href":"https:\/\/vocesdebaires.com.ar\/index.php\/wp-json\/wp\/v2\/posts"}],"about":[{"href":"https:\/\/vocesdebaires.com.ar\/index.php\/wp-json\/wp\/v2\/types\/post"}],"author":[{"embeddable":true,"href":"https:\/\/vocesdebaires.com.ar\/index.php\/wp-json\/wp\/v2\/users\/2"}],"replies":[{"embeddable":true,"href":"https:\/\/vocesdebaires.com.ar\/index.php\/wp-json\/wp\/v2\/comments?post=25897"}],"version-history":[{"count":0,"href":"https:\/\/vocesdebaires.com.ar\/index.php\/wp-json\/wp\/v2\/posts\/25897\/revisions"}],"wp:featuredmedia":[{"embeddable":true,"href":"https:\/\/vocesdebaires.com.ar\/index.php\/wp-json\/wp\/v2\/media\/22946"}],"wp:attachment":[{"href":"https:\/\/vocesdebaires.com.ar\/index.php\/wp-json\/wp\/v2\/media?parent=25897"}],"wp:term":[{"taxonomy":"category","embeddable":true,"href":"https:\/\/vocesdebaires.com.ar\/index.php\/wp-json\/wp\/v2\/categories?post=25897"},{"taxonomy":"post_tag","embeddable":true,"href":"https:\/\/vocesdebaires.com.ar\/index.php\/wp-json\/wp\/v2\/tags?post=25897"}],"curies":[{"name":"wp","href":"https:\/\/api.w.org\/{rel}","templated":true}]}}