{"id":25898,"date":"2014-04-09T14:06:55","date_gmt":"2014-04-09T17:06:55","guid":{"rendered":"http:\/\/vocesdebaires.com.ar\/wordpress\/index.php\/2014\/04\/09\/proyecto-de-leycontra-el-robo-de-celulares-2\/"},"modified":"2014-04-09T14:06:55","modified_gmt":"2014-04-09T17:06:55","slug":"proyecto-de-leycontra-el-robo-de-celulares-2","status":"publish","type":"post","link":"https:\/\/vocesdebaires.com.ar\/index.php\/2014\/04\/09\/proyecto-de-leycontra-el-robo-de-celulares-2\/","title":{"rendered":"Proyecto de ley,contra el robo de celulares"},"content":{"rendered":"<p><span style=\"line-height: 1.3em;\">El legislador porte\u00f1o Helio Rebot (PRO) present\u00f3 \u00a0un proyecto de ley destinado a mejorar la seguridad en la compra y venta de tel\u00e9fonos celulares, para lo cual se propone la creaci\u00f3n del \u201cRegistro de compra venta de celulares usados\u201d y del \u201cRegistro P\u00fablico de locales de reparaci\u00f3n o comercializaci\u00f3n de equipos de telefon\u00eda m\u00f3vil usados\u00bb.<\/span><span style=\"line-height: 1.3em;\">La intenci\u00f3n del proyecto es que en este \u00faltimo registro se inscriban todos los comercios que \u00a0realicen \u201coperaciones de compra y venta de equipos de telefon\u00eda m\u00f3vil usados\u201d, a fin de \u201ccontrolar el comercio ilegal de los celulares usados\u201d y contribuir as\u00ed a la disminuci\u00f3n del hurto o robo de este tipo de aparatos.<\/span><\/p>\n<p><span style=\"line-height: 1.3em;\">En el art. 9\u00ba del proyecto presentado se especifica que los negocios inscriptos deber\u00e1n tener un \u201cRegistro de compra venta de celulares usados\u201d en donde se asentar\u00e1n, entre otras cosas, \u201cidentificaci\u00f3n del propietario del negocio con su firma y n\u00famero de Documento de Identidad\u201d, como as\u00ed tambi\u00e9n la \u201cidentificaci\u00f3n del titular y vendedor del celular\u201d, quien deber\u00e1 ser titular o apoderado de la l\u00ednea que utiliza dicho tel\u00e9fono. Tambi\u00e9n quedar\u00e1n debidamente detalladas la marca y modelo del aparato.<\/span><\/p>\n<p><span style=\"line-height: 1.3em;\">En tanto, en los fundamentos se explica una necesidad de responder, mediante esta presentaci\u00f3n, con \u201cpol\u00edticas de Estado tendientes a enfrentar las pr\u00e1cticas delictivas vinculadas a la comercializaci\u00f3n ileg\u00edtima de equipos de telefon\u00eda m\u00f3vil, las que afectan la seguridad de las personas, pues en gran cantidad de ocasiones son objeto o instrumento de diversos delitos\u201d. En ese sentido, el proyecto \u201cestablece un r\u00e9gimen tendiente a impedir la comercializaci\u00f3n de equipos de origen espurio al cual deber\u00e1 ajustarse la actividad relacionada con la reparaci\u00f3n o comercializaci\u00f3n de equipos usados de telefon\u00eda m\u00f3vil \u00f3 el de sus partes\u201d.<\/span><span style=\"line-height: 1.3em;\">Asimismo, Rebot deja constancia que este proyecto \u201cfue elaborado en conjunto con el diputado m.c. Mart\u00edn Ocampo y su equipo de asesores\u201d.<\/span><\/p>\n","protected":false},"excerpt":{"rendered":"<p>El legislador porte\u00f1o Helio Rebot (PRO) present\u00f3 \u00a0un proyecto de ley destinado a mejorar la seguridad en la compra y venta de tel\u00e9fonos celulares, para lo cual se propone la creaci\u00f3n del \u201cRegistro de compra venta de celulares usados\u201d y del \u201cRegistro P\u00fablico de locales de reparaci\u00f3n o comercializaci\u00f3n de equipos de telefon\u00eda m\u00f3vil usados\u00bb.La [&hellip;]<\/p>\n","protected":false},"author":2,"featured_media":16393,"comment_status":"open","ping_status":"open","sticky":false,"template":"","format":"standard","meta":{"_et_pb_use_builder":"","_et_pb_old_content":"","_et_gb_content_width":"","footnotes":""},"categories":[11,44],"tags":[],"class_list":["post-25898","post","type-post","status-publish","format-standard","has-post-thumbnail","hentry","category-ciudad","category-funcionarios-de-la-caba"],"_links":{"self":[{"href":"https:\/\/vocesdebaires.com.ar\/index.php\/wp-json\/wp\/v2\/posts\/25898"}],"collection":[{"href":"https:\/\/vocesdebaires.com.ar\/index.php\/wp-json\/wp\/v2\/posts"}],"about":[{"href":"https:\/\/vocesdebaires.com.ar\/index.php\/wp-json\/wp\/v2\/types\/post"}],"author":[{"embeddable":true,"href":"https:\/\/vocesdebaires.com.ar\/index.php\/wp-json\/wp\/v2\/users\/2"}],"replies":[{"embeddable":true,"href":"https:\/\/vocesdebaires.com.ar\/index.php\/wp-json\/wp\/v2\/comments?post=25898"}],"version-history":[{"count":0,"href":"https:\/\/vocesdebaires.com.ar\/index.php\/wp-json\/wp\/v2\/posts\/25898\/revisions"}],"wp:featuredmedia":[{"embeddable":true,"href":"https:\/\/vocesdebaires.com.ar\/index.php\/wp-json\/wp\/v2\/media\/16393"}],"wp:attachment":[{"href":"https:\/\/vocesdebaires.com.ar\/index.php\/wp-json\/wp\/v2\/media?parent=25898"}],"wp:term":[{"taxonomy":"category","embeddable":true,"href":"https:\/\/vocesdebaires.com.ar\/index.php\/wp-json\/wp\/v2\/categories?post=25898"},{"taxonomy":"post_tag","embeddable":true,"href":"https:\/\/vocesdebaires.com.ar\/index.php\/wp-json\/wp\/v2\/tags?post=25898"}],"curies":[{"name":"wp","href":"https:\/\/api.w.org\/{rel}","templated":true}]}}