{"id":25904,"date":"2014-04-10T14:29:11","date_gmt":"2014-04-10T17:29:11","guid":{"rendered":"http:\/\/vocesdebaires.com.ar\/wordpress\/index.php\/2014\/04\/10\/audiencias-publicas-para-otorgar-predios-a-organizaciones-sociales-2\/"},"modified":"2014-04-10T14:29:11","modified_gmt":"2014-04-10T17:29:11","slug":"audiencias-publicas-para-otorgar-predios-a-organizaciones-sociales-2","status":"publish","type":"post","link":"https:\/\/vocesdebaires.com.ar\/index.php\/2014\/04\/10\/audiencias-publicas-para-otorgar-predios-a-organizaciones-sociales-2\/","title":{"rendered":"Audiencias P\u00fablicas para otorgar predios a organizaciones sociales"},"content":{"rendered":"<p><span style=\"line-height: 1.3em;\">Diputados miembros de la comisi\u00f3n de presupuesto de la Legislatura porte\u00f1a escucharon opiniones de los inscriptos de tres Audiencias P\u00fablicas relacionadas con proyectos de ley que comparten el objetivo de otorgar predios a distintas organizaciones de la sociedad. Estas instancias de participaci\u00f3n se realizaron esta ma\u00f1ana en el Sal\u00f3n San Mart\u00edn del Palacio Legislativo. Finalizado este procemiento los expedientes deber\u00e1n ser considerados en sesi\u00f3n para su sanci\u00f3n definitiva.<\/span><\/p>\n<p>Con respecto a la Audiencia vinculada a la Ley que propone otorgar al Sindicato de Trabajadores de Juegos de Azar, Entretenimiento, Esparcimiento, Recreaci\u00f3n y Afines de la Rep\u00fablica Argentina (ALEARA) el uso gratuito por el t\u00e9rmino de 20 a\u00f1os del predio sito en la calle Moreno N\u00ba 330, no se present\u00f3 ning\u00fan expositor ni inscripto.<\/p>\n<p>En segundo lugar, se manifestaron personas a favor del proyecto por el cual se busca otorgar a la Fundaci\u00f3n Los Carasucias el permiso a t\u00edtulo precario y gratuito por el t\u00e9rmino de diez a\u00f1os del predio ubicado bajo la Autopista 25 de mayo (AU1) en la calle Balcarce 1251. Tiene el exclusivo prop\u00f3sito de emplazar un Centro de Formaci\u00f3n Profesional y fomentar la uni\u00f3n y protecci\u00f3n de todos los trabajadores de la actividad, y brinda a m\u00e1s de 11.000 afiliados asesoramiento, capacitaci\u00f3n integral, beneficios sociales y subsidios.<\/p>\n<p>Se presentaron la cocinera del comedor, una de las pediatras que atiende a los chicos que viven all\u00ed, madres, una maestra que brinda apoyo escolar, la encargada general de la fundaci\u00f3n y el vicepresidente, entre otros. Todos coincidieron en que el hogar es una ayuda muy importante para la sociedad y necesita el apoyo del gobierno. En el comedor ubicado en Pilar 1838 hoy comen 2.500 familias, se dan refuerzos alimentarios a m\u00e1s de 1.500 chicos\/as desnutridos y enfermos de Sida, entre otros. La Fundaci\u00f3n cuenta tambi\u00e9n con tres hogares para albergar madres solteras con sus hijos\/as y ancianos\/as, bebes reci\u00e9n nacidos y para chicos\/as menores de 10 a\u00f1os.<\/p>\n<p>Finalmente, tambi\u00e9n hubo un gran apoyo a la Ley que tiene el fin de permitir a la Asociaci\u00f3n Golf Club Jos\u00e9 Jurado el uso por el t\u00e9rmino de 20 a\u00f1os del predio que actualmente ocupa en el denominado Parque Las Victorias. Vecinos y trabajadores del club plantearon la necesidad del permiso ya que \u00abes muy importante para la zona y el club merece la concesi\u00f3n por su gran labor\u00bb. Algunas de las funciones para las que se utiliza el club son: escuela de menores, descuento y competencias para alumnos nivel primario, padrinazgo de escuelas, comedores populares, reuniones, espacio verde y fuentes de trabajo.<span style=\"line-height: 1.3em;\">Las audiencias fueron presididas por el diputado Alejandro Garc\u00eda (PRO), y lo acompa\u00f1aron los legisladores Hern\u00e1n Arce (PS), Jorge Taiana (FpV), Juan Pablo Arenaza, Christian Bauab, Agust\u00edn Forchieri (PRO), Jos\u00e9 Campagnoli (NE) y Gustavo Vera (VA), y las legisladoras L\u00eda Rueda (PRO), Cristina Garc\u00eda (CP), Paula Oliveto (CC), Gabriela Cerruti (NE) y Mar\u00eda Rachid (FpV).<\/span><\/p>\n","protected":false},"excerpt":{"rendered":"<p>Diputados miembros de la comisi\u00f3n de presupuesto de la Legislatura porte\u00f1a escucharon opiniones de los inscriptos de tres Audiencias P\u00fablicas relacionadas con proyectos de ley que comparten el objetivo de otorgar predios a distintas organizaciones de la sociedad. Estas instancias de participaci\u00f3n se realizaron esta ma\u00f1ana en el Sal\u00f3n San Mart\u00edn del Palacio Legislativo. Finalizado [&hellip;]<\/p>\n","protected":false},"author":2,"featured_media":22959,"comment_status":"open","ping_status":"open","sticky":false,"template":"","format":"standard","meta":{"_et_pb_use_builder":"","_et_pb_old_content":"","_et_gb_content_width":"","footnotes":""},"categories":[11,44],"tags":[],"class_list":["post-25904","post","type-post","status-publish","format-standard","has-post-thumbnail","hentry","category-ciudad","category-funcionarios-de-la-caba"],"_links":{"self":[{"href":"https:\/\/vocesdebaires.com.ar\/index.php\/wp-json\/wp\/v2\/posts\/25904"}],"collection":[{"href":"https:\/\/vocesdebaires.com.ar\/index.php\/wp-json\/wp\/v2\/posts"}],"about":[{"href":"https:\/\/vocesdebaires.com.ar\/index.php\/wp-json\/wp\/v2\/types\/post"}],"author":[{"embeddable":true,"href":"https:\/\/vocesdebaires.com.ar\/index.php\/wp-json\/wp\/v2\/users\/2"}],"replies":[{"embeddable":true,"href":"https:\/\/vocesdebaires.com.ar\/index.php\/wp-json\/wp\/v2\/comments?post=25904"}],"version-history":[{"count":0,"href":"https:\/\/vocesdebaires.com.ar\/index.php\/wp-json\/wp\/v2\/posts\/25904\/revisions"}],"wp:featuredmedia":[{"embeddable":true,"href":"https:\/\/vocesdebaires.com.ar\/index.php\/wp-json\/wp\/v2\/media\/22959"}],"wp:attachment":[{"href":"https:\/\/vocesdebaires.com.ar\/index.php\/wp-json\/wp\/v2\/media?parent=25904"}],"wp:term":[{"taxonomy":"category","embeddable":true,"href":"https:\/\/vocesdebaires.com.ar\/index.php\/wp-json\/wp\/v2\/categories?post=25904"},{"taxonomy":"post_tag","embeddable":true,"href":"https:\/\/vocesdebaires.com.ar\/index.php\/wp-json\/wp\/v2\/tags?post=25904"}],"curies":[{"name":"wp","href":"https:\/\/api.w.org\/{rel}","templated":true}]}}