{"id":2592,"date":"2020-10-19T03:00:00","date_gmt":"2020-10-19T06:00:00","guid":{"rendered":"http:\/\/vocesdebaires.com.ar\/wordpress\/index.php\/2020\/10\/19\/ciudad-dia-mundial-de-la-alimentacion\/"},"modified":"2020-10-19T03:00:00","modified_gmt":"2020-10-19T06:00:00","slug":"ciudad-dia-mundial-de-la-alimentacion","status":"publish","type":"post","link":"https:\/\/vocesdebaires.com.ar\/index.php\/2020\/10\/19\/ciudad-dia-mundial-de-la-alimentacion\/","title":{"rendered":"Ciudad  \u00abD\u00eda Mundial de la Alimentaci\u00f3n\u00bb"},"content":{"rendered":"<p>En el marco del D\u00eda Mundial de la Alimentaci\u00f3n, el Gobierno de la Ciudad de Buenos Aires, a trav\u00e9s de su programa BA Capital Gastron\u00f3mica, con la participaci\u00f3n del Mercado Central, invita a celebrar la jornada con una acci\u00f3n que homenajea la alimentaci\u00f3n saludable dando a conocer su importancia y promoviendo su consumo. A trav\u00e9s de las cuentas de BA Capital Gastron\u00f3mica, quienes se conectaron el pasado viernes 16 pudieron disfrutar de entrevistas y clases de cocina a trav\u00e9s de transmisiones en vivo y videos. Entre las invitadas para celebrar est\u00e1n Narda Lepes y la nutricionista Romina Pereiro con la cocinera sin TACC Silvina Rumi. El foco de la jornada fue tambi\u00e9n impulsar el consumo de frutas y verduras de estaci\u00f3n, abarcando todos sus beneficios, desde lo nutricional hasta lo econ\u00f3mico y el impacto ambiental que implica consumirlos en su \u00e9poca de cosecha.<\/p>\n<p>Adem\u00e1s, el Mercado Belgrano y el Mercado San Nicol\u00e1s dispusieron de canastas especiales de frutas y verduras de estaci\u00f3n a un precio promocional. Tambi\u00e9n y a trav\u00e9s del programa \u201cDe la tierra a tu mesa\u201d se pusieron bolsones a metros de las Estaciones Saludables de la Ciudad. Se trata de bolsones de verduras y frutas agroecol\u00f3gicas cosechadas por productores del cord\u00f3n hort\u00edcola platense, en colaboraci\u00f3n con AMBA e INTA a precios accesibles. El pasado s\u00e1bado en la Estaci\u00f3n Saludable Parque Rivadavia, y ayer domingo en Parque Patricios y Parque Chacabuco de 9 a 12 horas.\u00a0 Aquellos que ingresaron al link para comprar tanto bolsones como canastas participaron del sorteo por el calendario \u201cEl Futuro es Estacional\u201d, creado por Narda Lepes y Guido Tassi y provistos por el Mercado Central, con informaci\u00f3n sobre frutas y verduras de estaci\u00f3n.<\/p>\n","protected":false},"excerpt":{"rendered":"<p>En el marco del D\u00eda Mundial de la Alimentaci\u00f3n, el Gobierno de la Ciudad de Buenos Aires, a trav\u00e9s de su programa BA Capital Gastron\u00f3mica, con la participaci\u00f3n del Mercado Central, invita a celebrar la jornada con una acci\u00f3n que homenajea la alimentaci\u00f3n saludable dando a conocer su importancia y promoviendo su consumo. A trav\u00e9s [&hellip;]<\/p>\n","protected":false},"author":1,"featured_media":2593,"comment_status":"open","ping_status":"open","sticky":false,"template":"","format":"standard","meta":{"_et_pb_use_builder":"","_et_pb_old_content":"","_et_gb_content_width":"","footnotes":""},"categories":[11,32],"tags":[],"class_list":["post-2592","post","type-post","status-publish","format-standard","has-post-thumbnail","hentry","category-ciudad","category-comunas"],"_links":{"self":[{"href":"https:\/\/vocesdebaires.com.ar\/index.php\/wp-json\/wp\/v2\/posts\/2592"}],"collection":[{"href":"https:\/\/vocesdebaires.com.ar\/index.php\/wp-json\/wp\/v2\/posts"}],"about":[{"href":"https:\/\/vocesdebaires.com.ar\/index.php\/wp-json\/wp\/v2\/types\/post"}],"author":[{"embeddable":true,"href":"https:\/\/vocesdebaires.com.ar\/index.php\/wp-json\/wp\/v2\/users\/1"}],"replies":[{"embeddable":true,"href":"https:\/\/vocesdebaires.com.ar\/index.php\/wp-json\/wp\/v2\/comments?post=2592"}],"version-history":[{"count":0,"href":"https:\/\/vocesdebaires.com.ar\/index.php\/wp-json\/wp\/v2\/posts\/2592\/revisions"}],"wp:featuredmedia":[{"embeddable":true,"href":"https:\/\/vocesdebaires.com.ar\/index.php\/wp-json\/wp\/v2\/media\/2593"}],"wp:attachment":[{"href":"https:\/\/vocesdebaires.com.ar\/index.php\/wp-json\/wp\/v2\/media?parent=2592"}],"wp:term":[{"taxonomy":"category","embeddable":true,"href":"https:\/\/vocesdebaires.com.ar\/index.php\/wp-json\/wp\/v2\/categories?post=2592"},{"taxonomy":"post_tag","embeddable":true,"href":"https:\/\/vocesdebaires.com.ar\/index.php\/wp-json\/wp\/v2\/tags?post=2592"}],"curies":[{"name":"wp","href":"https:\/\/api.w.org\/{rel}","templated":true}]}}