{"id":25926,"date":"2014-04-16T19:40:50","date_gmt":"2014-04-16T22:40:50","guid":{"rendered":"http:\/\/vocesdebaires.com.ar\/wordpress\/index.php\/2014\/04\/16\/quattromano-no-queremos-mas-inseguridad-por-los-cuidacoches-2\/"},"modified":"2014-04-16T19:40:50","modified_gmt":"2014-04-16T22:40:50","slug":"quattromano-no-queremos-mas-inseguridad-por-los-cuidacoches-2","status":"publish","type":"post","link":"https:\/\/vocesdebaires.com.ar\/index.php\/2014\/04\/16\/quattromano-no-queremos-mas-inseguridad-por-los-cuidacoches-2\/","title":{"rendered":"Quattromano: \u00abNo queremos m\u00e1s inseguridad por los cuidacoches\u00bb"},"content":{"rendered":"<p><span style=\"line-height: 1.3em;\">El legislador porte\u00f1o del PRO, Roberto Quattromano, explic\u00f3 el proyecto de ley para prohibir la actividad de los cuidacoches.<\/span><span style=\"line-height: 1.3em;\">En declaraciones, el diputado de la Ciudad asegur\u00f3 que el proyecto que impulsa el macrismo en la Legislatura porte\u00f1a busca que \u00abno siga creciendo la inseguridad que generan los cuidacoches\u00bb. <\/span><\/p>\n<p><span style=\"line-height: 1.3em;\">En ese sentido, Quattromano record\u00f3 las muertes ocasionadas en el desarrollo de esta actividad ilegal en la v\u00eda p\u00fablica, y se\u00f1al\u00f3 que \u00abLa Ciudad necesita que esta actividad sea prohibida, no regulada; han ocurrido muertes en las calles de Buenos Aires por la actividad de los cuidacoches. Y aunque no tengo las pruebas para poner a disposici\u00f3n de la Justicia, todos sabemos c\u00f3mo funcionan estas mafias\u00bb.<\/span><\/p>\n<p><span style=\"line-height: 1.3em;\">Adem\u00e1s de explicar el proyecto oficial, Quattromano critic\u00f3 la propuesta presentada por el kirchnerismo, al afirmar que, \u00abmientras nosotros impulsamos la prohibici\u00f3n definitiva, la oposici\u00f3n sostiene que este problema se debe a la falta de trabajo y pretende regular la actividad como si fuera l\u00edcita, sin tener en cuenta la necesidad que tiene la Ciudad de terminar con las mafias para que el espacio p\u00fablico siga siendo de todos\u00bb, concluy\u00f3 el legislador. <\/span><\/p>\n","protected":false},"excerpt":{"rendered":"<p>El legislador porte\u00f1o del PRO, Roberto Quattromano, explic\u00f3 el proyecto de ley para prohibir la actividad de los cuidacoches.En declaraciones, el diputado de la Ciudad asegur\u00f3 que el proyecto que impulsa el macrismo en la Legislatura porte\u00f1a busca que \u00abno siga creciendo la inseguridad que generan los cuidacoches\u00bb. En ese sentido, Quattromano record\u00f3 las muertes [&hellip;]<\/p>\n","protected":false},"author":2,"featured_media":19146,"comment_status":"open","ping_status":"open","sticky":false,"template":"","format":"standard","meta":{"_et_pb_use_builder":"","_et_pb_old_content":"","_et_gb_content_width":"","footnotes":""},"categories":[11,44],"tags":[],"class_list":["post-25926","post","type-post","status-publish","format-standard","has-post-thumbnail","hentry","category-ciudad","category-funcionarios-de-la-caba"],"_links":{"self":[{"href":"https:\/\/vocesdebaires.com.ar\/index.php\/wp-json\/wp\/v2\/posts\/25926"}],"collection":[{"href":"https:\/\/vocesdebaires.com.ar\/index.php\/wp-json\/wp\/v2\/posts"}],"about":[{"href":"https:\/\/vocesdebaires.com.ar\/index.php\/wp-json\/wp\/v2\/types\/post"}],"author":[{"embeddable":true,"href":"https:\/\/vocesdebaires.com.ar\/index.php\/wp-json\/wp\/v2\/users\/2"}],"replies":[{"embeddable":true,"href":"https:\/\/vocesdebaires.com.ar\/index.php\/wp-json\/wp\/v2\/comments?post=25926"}],"version-history":[{"count":0,"href":"https:\/\/vocesdebaires.com.ar\/index.php\/wp-json\/wp\/v2\/posts\/25926\/revisions"}],"wp:featuredmedia":[{"embeddable":true,"href":"https:\/\/vocesdebaires.com.ar\/index.php\/wp-json\/wp\/v2\/media\/19146"}],"wp:attachment":[{"href":"https:\/\/vocesdebaires.com.ar\/index.php\/wp-json\/wp\/v2\/media?parent=25926"}],"wp:term":[{"taxonomy":"category","embeddable":true,"href":"https:\/\/vocesdebaires.com.ar\/index.php\/wp-json\/wp\/v2\/categories?post=25926"},{"taxonomy":"post_tag","embeddable":true,"href":"https:\/\/vocesdebaires.com.ar\/index.php\/wp-json\/wp\/v2\/tags?post=25926"}],"curies":[{"name":"wp","href":"https:\/\/api.w.org\/{rel}","templated":true}]}}