{"id":2596,"date":"2020-10-19T03:00:00","date_gmt":"2020-10-19T06:00:00","guid":{"rendered":"http:\/\/vocesdebaires.com.ar\/wordpress\/index.php\/2020\/10\/19\/homenaje-a-testigo-clave-de-la-esma\/"},"modified":"2020-10-19T03:00:00","modified_gmt":"2020-10-19T06:00:00","slug":"homenaje-a-testigo-clave-de-la-esma","status":"publish","type":"post","link":"https:\/\/vocesdebaires.com.ar\/index.php\/2020\/10\/19\/homenaje-a-testigo-clave-de-la-esma\/","title":{"rendered":"Homenaje a testigo clave de la ESMA"},"content":{"rendered":"<p>Un sobreviviente del centro clandestino de detenci\u00f3n y torturas que funcionaba en la ESMA y cuyo testimonio y pruebas fotogr\u00e1ficas fueron cruciales para descubrir y condenar a represores de la \u00faltima dictadura, fue reconocido institucionalmente por la Legislatura porte\u00f1a por iniciativa de la legisladora Victoria Montenegro (del Frente de Todos). Se trata de V\u00edctor Melchor Basterra, un hombre de hoy 75 a\u00f1os que en su juventud era obrero gr\u00e1fico y militante peronista.<\/p>\n<p>Fue secuestrado en setiembre de 1979, torturado y sometido a trabajo esclavo en ese antro del terrorismo de Estado que depend\u00eda de la Marina de guerra. Y logr\u00f3 su liberaci\u00f3n pocos d\u00edas antes del restablecimiento de la democracia, en diciembre de 1983. Por su oficio gr\u00e1fico, que debi\u00f3 ejercer forzosamente para sus secuestradores, Basterra tuvo acceso a documentos e im\u00e1genes que configuraron luego pruebas contundentes y clave para esclarecer parte del horror en ese sitio. Sus fotograf\u00edas permitieron identificar y luego juzgar por delitos de lesa humanidad a varios civiles, militares y polic\u00edas que incurrieron en aberrantes delitos.<\/p>\n<p>La ceremonia de entrega del diploma de Personalidad Destacada de los Derechos Humanos fue encabezada por la legisladora que preside la comisi\u00f3n hom\u00f3nima y que propuso la distinci\u00f3n aprobada por la Legislatura. La legisladora Montenegro se encontraba en el sal\u00f3n San Mart\u00edn, en comunicaci\u00f3n \u201con line\u201d con el Sr. Basterra, sus familiares y algunos invitados especiales a participar de la videoconferencia, como la dirigente de Madres de Plaza de Mayo \u2013 L\u00ednea Fundadora, Nora Corti\u00f1as; funcionarios judiciales que intervinieron en la mega causa Esma y otros testimoniantes y sobrevivientes del terrorismo de Estado.<\/p>\n","protected":false},"excerpt":{"rendered":"<p>Un sobreviviente del centro clandestino de detenci\u00f3n y torturas que funcionaba en la ESMA y cuyo testimonio y pruebas fotogr\u00e1ficas fueron cruciales para descubrir y condenar a represores de la \u00faltima dictadura, fue reconocido institucionalmente por la Legislatura porte\u00f1a por iniciativa de la legisladora Victoria Montenegro (del Frente de Todos). Se trata de V\u00edctor Melchor [&hellip;]<\/p>\n","protected":false},"author":1,"featured_media":2597,"comment_status":"open","ping_status":"open","sticky":false,"template":"","format":"standard","meta":{"_et_pb_use_builder":"","_et_pb_old_content":"","_et_gb_content_width":"","footnotes":""},"categories":[11,33],"tags":[],"class_list":["post-2596","post","type-post","status-publish","format-standard","has-post-thumbnail","hentry","category-ciudad","category-sociedad-y-cultura-2"],"_links":{"self":[{"href":"https:\/\/vocesdebaires.com.ar\/index.php\/wp-json\/wp\/v2\/posts\/2596"}],"collection":[{"href":"https:\/\/vocesdebaires.com.ar\/index.php\/wp-json\/wp\/v2\/posts"}],"about":[{"href":"https:\/\/vocesdebaires.com.ar\/index.php\/wp-json\/wp\/v2\/types\/post"}],"author":[{"embeddable":true,"href":"https:\/\/vocesdebaires.com.ar\/index.php\/wp-json\/wp\/v2\/users\/1"}],"replies":[{"embeddable":true,"href":"https:\/\/vocesdebaires.com.ar\/index.php\/wp-json\/wp\/v2\/comments?post=2596"}],"version-history":[{"count":0,"href":"https:\/\/vocesdebaires.com.ar\/index.php\/wp-json\/wp\/v2\/posts\/2596\/revisions"}],"wp:featuredmedia":[{"embeddable":true,"href":"https:\/\/vocesdebaires.com.ar\/index.php\/wp-json\/wp\/v2\/media\/2597"}],"wp:attachment":[{"href":"https:\/\/vocesdebaires.com.ar\/index.php\/wp-json\/wp\/v2\/media?parent=2596"}],"wp:term":[{"taxonomy":"category","embeddable":true,"href":"https:\/\/vocesdebaires.com.ar\/index.php\/wp-json\/wp\/v2\/categories?post=2596"},{"taxonomy":"post_tag","embeddable":true,"href":"https:\/\/vocesdebaires.com.ar\/index.php\/wp-json\/wp\/v2\/tags?post=2596"}],"curies":[{"name":"wp","href":"https:\/\/api.w.org\/{rel}","templated":true}]}}