{"id":25965,"date":"2014-04-24T20:31:33","date_gmt":"2014-04-24T23:31:33","guid":{"rendered":"http:\/\/vocesdebaires.com.ar\/wordpress\/index.php\/2014\/04\/24\/ciudadpide-a-nacion-traspaso-de-la-policia-federal-2\/"},"modified":"2014-04-24T20:31:33","modified_gmt":"2014-04-24T23:31:33","slug":"ciudadpide-a-nacion-traspaso-de-la-policia-federal-2","status":"publish","type":"post","link":"https:\/\/vocesdebaires.com.ar\/index.php\/2014\/04\/24\/ciudadpide-a-nacion-traspaso-de-la-policia-federal-2\/","title":{"rendered":"Ciudad:Pide a Naci\u00f3n, traspaso de la Polic\u00eda Federal"},"content":{"rendered":"<p><span style=\"line-height: 1.3em;\">La Legislatura inst\u00f3 \u00aben forma urgente al Poder Ejecutivo Nacional a convocar al Gobierno de la Ciudad Aut\u00f3noma de Buenos Aires para celebrar los convenios estipulados en el art 2. de la Ley 26.288 a fin de que la Ciudad asuma el pleno ejercicio en materia de seguridad\u00bb.<\/span><\/p>\n<p>El objetivo de la resoluci\u00f3n cuyo proyecto fue presentado por el Vicepresidente 1\u00ba de la c\u00e1mara, diputado Cristian Ritondo (PRO), y result\u00f3 aprobada hoy sobre tablas es exigir el cumplimiento de la normativa por la que se estableci\u00f3 que \u201cdefinidas por el Gobierno nacional las estructuras necesarias para garantizar sus competencias federales, celebrar\u00e1 con la Ciudad de Buenos Aires los convenios necesarios para hacer efectivo lo establecido en el art\u00edculo 1\u00b0 de esa misma ley. \u00c9ste textualmente dice: \u201cel Gobierno de la Ciudad de Buenos Aires ejercer\u00e1 las funciones y facultades de seguridad en todas las materias no federales\u201d y que el Gobierno nacional har\u00e1 lo propio con las materias federales \u201chasta tanto aquel ejercicio sea efectivamente asumido por el Gobierno de la Ciudad de Buenos Aires\u201d.<\/p>\n<p>\u00abHoy la Legislatura de la Ciudad como \u00f3rgano de representaci\u00f3n popular de todo el pueblo pide de forma urgente que el Poder Ejecutivo Nacional avance en el traspaso de las competencias en materia de seguridad, tal cual lo establece la ley\u00bb, expresan los fundamentos de la resoluci\u00f3n. En tanto, se opusieron el bloque Frente para la Victoria, An\u00edbal Ibarra (FPP) y Pablo Ferreyra<\/p>\n","protected":false},"excerpt":{"rendered":"<p>La Legislatura inst\u00f3 \u00aben forma urgente al Poder Ejecutivo Nacional a convocar al Gobierno de la Ciudad Aut\u00f3noma de Buenos Aires para celebrar los convenios estipulados en el art 2. de la Ley 26.288 a fin de que la Ciudad asuma el pleno ejercicio en materia de seguridad\u00bb. El objetivo de la resoluci\u00f3n cuyo proyecto [&hellip;]<\/p>\n","protected":false},"author":2,"featured_media":23071,"comment_status":"open","ping_status":"open","sticky":false,"template":"","format":"standard","meta":{"_et_pb_use_builder":"","_et_pb_old_content":"","_et_gb_content_width":"","footnotes":""},"categories":[11,44],"tags":[],"class_list":["post-25965","post","type-post","status-publish","format-standard","has-post-thumbnail","hentry","category-ciudad","category-funcionarios-de-la-caba"],"_links":{"self":[{"href":"https:\/\/vocesdebaires.com.ar\/index.php\/wp-json\/wp\/v2\/posts\/25965"}],"collection":[{"href":"https:\/\/vocesdebaires.com.ar\/index.php\/wp-json\/wp\/v2\/posts"}],"about":[{"href":"https:\/\/vocesdebaires.com.ar\/index.php\/wp-json\/wp\/v2\/types\/post"}],"author":[{"embeddable":true,"href":"https:\/\/vocesdebaires.com.ar\/index.php\/wp-json\/wp\/v2\/users\/2"}],"replies":[{"embeddable":true,"href":"https:\/\/vocesdebaires.com.ar\/index.php\/wp-json\/wp\/v2\/comments?post=25965"}],"version-history":[{"count":0,"href":"https:\/\/vocesdebaires.com.ar\/index.php\/wp-json\/wp\/v2\/posts\/25965\/revisions"}],"wp:featuredmedia":[{"embeddable":true,"href":"https:\/\/vocesdebaires.com.ar\/index.php\/wp-json\/wp\/v2\/media\/23071"}],"wp:attachment":[{"href":"https:\/\/vocesdebaires.com.ar\/index.php\/wp-json\/wp\/v2\/media?parent=25965"}],"wp:term":[{"taxonomy":"category","embeddable":true,"href":"https:\/\/vocesdebaires.com.ar\/index.php\/wp-json\/wp\/v2\/categories?post=25965"},{"taxonomy":"post_tag","embeddable":true,"href":"https:\/\/vocesdebaires.com.ar\/index.php\/wp-json\/wp\/v2\/tags?post=25965"}],"curies":[{"name":"wp","href":"https:\/\/api.w.org\/{rel}","templated":true}]}}