{"id":25976,"date":"2014-04-25T14:30:52","date_gmt":"2014-04-25T17:30:52","guid":{"rendered":"http:\/\/vocesdebaires.com.ar\/wordpress\/index.php\/2014\/04\/25\/macri-el-consenso-es-lo-que-se-viene-en-la-argentina-2\/"},"modified":"2014-04-25T14:30:52","modified_gmt":"2014-04-25T17:30:52","slug":"macri-el-consenso-es-lo-que-se-viene-en-la-argentina-2","status":"publish","type":"post","link":"https:\/\/vocesdebaires.com.ar\/index.php\/2014\/04\/25\/macri-el-consenso-es-lo-que-se-viene-en-la-argentina-2\/","title":{"rendered":"Macri: \u201cEl consenso es lo que se viene en la Argentina\u201d"},"content":{"rendered":"<p><span style=\"line-height: 1.3em;\">El jefe de Gobierno de la Ciudad de Buenos Aires, Mauricio Macri, asegur\u00f3 hoy que \u201cel consenso es lo que viene en la Argentina\u201d y plante\u00f3 que el pa\u00eds \u201ccuenta hoy con una oportunidad de planificar de 2015 en adelante el desarrollo de todas nuestras potencialidades\u201d.<\/span><span style=\"line-height: 1.3em;\">Macri que encabez\u00f3 esta ma\u00f1ana la apertura del seminario \u201cLa industria, el agro y el desarrollo argentino\u201d, asegur\u00f3 que \u201c\u201cel crecimiento no es un papelito que dice \u00b4mejoramos el 8 por ciento\u00b4: es que a la gente le mejore la calidad de vida, que se transforme en desarrollo para que sientan que su vida mejor\u00f3\u201d.<\/span><\/p>\n<p><span style=\"line-height: 1.3em;\"> \u201cNuestras principales potencialidades son el campo, la miner\u00eda sustentable, el gas y petr\u00f3leo, el turismo, la log\u00edstica, la industria, la innovaci\u00f3n y el desarrollo tecnol\u00f3gico. Hoy estamos ante una enorme oportunidad, pero tenemos que organizarnos y pensar c\u00f3mo, y de qu\u00e9 manera vamos a hacerlo\u201d, agreg\u00f3.<\/span><span style=\"line-height: 1.3em;\">El seminario fue organizado por el Banco Ciudad y cont\u00f3 adem\u00e1s con la presencia del presidente de la entidad crediticia, Rogelio Frigerio.<\/span><\/p>\n<p><span style=\"line-height: 1.3em;\">En otro tramo, Macri destac\u00f3 que \u201caunque seamos de partidos pol\u00edticos distintos hay que tratar de acordar pol\u00edticas de Estado: qu\u00e9 hacer con la salud, con la educaci\u00f3n, o la seguridad, que es una demanda que hoy est\u00e1 m\u00e1s fuerte que nunca de parte de la gente\u201d.<\/span><span style=\"line-height: 1.3em;\">\u201cHay que sentarse con todos a una mesa luego de que se haya votado, para que haya pol\u00edticas de Estado y se resuelvan los problemas de la gente, que est\u00e1 cansada que se les prometa y no se cumpla\u201d, agreg\u00f3 en declaraciones a la prensa.<\/span><span style=\"line-height: 1.3em;\">Adem\u00e1s, el jefe de Gobierno felicit\u00f3 a la coalici\u00f3n Unen \u201cpor el esfuerzo que han hecho por organizarse. Es lo que hay que hacer: organizarnos y transmitir un mensaje claro de lo que queremos. Y despu\u00e9s de la elecci\u00f3n buscar consensos en las pol\u00edticas\u201d.<\/span><span style=\"line-height: 1.3em;\">\u201cSiento que estamos ante una oportunidad hist\u00f3rica. Esta d\u00e9cada tal vez no la aprovechamos como se deb\u00eda, pero si sirvi\u00f3 para aprender y confirmar todas las cosas que no queremos que se repitan ser\u00e1 una inversi\u00f3n m\u00e1s que hizo una Naci\u00f3n joven en b\u00fasqueda de su desarrollo definitivo\u201d, indic\u00f3.<\/span><\/p>\n<p><span style=\"line-height: 1.3em;\">Al destacar que \u201cse viene una etapa en la que todo ser\u00e1 consenso\u201d Macri felicit\u00f3 a las c\u00e1maras empresariales \u201cque tomando conciencia de la realidad argentina hacen el esfuerzo de unirse y presentar un documento en el cual se plantean no solo inquietudes econ\u00f3micas sino, desde donde arrancan las cosas\u201d.<\/span><span style=\"line-height: 1.3em;\">\u201cLas C\u00e1maras hacen planteos institucionales y sociales que son centrales a la hora de resolver lo m\u00e1s importante que tenemos por resolver, que son los problemas de pobreza que tiene nuestro pa\u00eds\u201d.<\/span><span style=\"line-height: 1.3em;\">Al finalizar su discurso, Macri resalt\u00f3: \u201clas oportunidades est\u00e1n. Depende absolutamente de nosotros. Por eso creo que si esta vez resolvemos la paradoja en la que nos transformamos para el mundo entero agreg\u00e1ndole el talento de saber organizarnos, podemos, definitivamente a partir de 2015, entrar en una etapa de desarrollo permanente, equilibrada y que le devuelva la paz a todos los argentinos\u201d.<\/span><\/p>\n","protected":false},"excerpt":{"rendered":"<p>El jefe de Gobierno de la Ciudad de Buenos Aires, Mauricio Macri, asegur\u00f3 hoy que \u201cel consenso es lo que viene en la Argentina\u201d y plante\u00f3 que el pa\u00eds \u201ccuenta hoy con una oportunidad de planificar de 2015 en adelante el desarrollo de todas nuestras potencialidades\u201d.Macri que encabez\u00f3 esta ma\u00f1ana la apertura del seminario \u201cLa [&hellip;]<\/p>\n","protected":false},"author":2,"featured_media":23093,"comment_status":"open","ping_status":"open","sticky":false,"template":"","format":"standard","meta":{"_et_pb_use_builder":"","_et_pb_old_content":"","_et_gb_content_width":"","footnotes":""},"categories":[11,44],"tags":[],"class_list":["post-25976","post","type-post","status-publish","format-standard","has-post-thumbnail","hentry","category-ciudad","category-funcionarios-de-la-caba"],"_links":{"self":[{"href":"https:\/\/vocesdebaires.com.ar\/index.php\/wp-json\/wp\/v2\/posts\/25976"}],"collection":[{"href":"https:\/\/vocesdebaires.com.ar\/index.php\/wp-json\/wp\/v2\/posts"}],"about":[{"href":"https:\/\/vocesdebaires.com.ar\/index.php\/wp-json\/wp\/v2\/types\/post"}],"author":[{"embeddable":true,"href":"https:\/\/vocesdebaires.com.ar\/index.php\/wp-json\/wp\/v2\/users\/2"}],"replies":[{"embeddable":true,"href":"https:\/\/vocesdebaires.com.ar\/index.php\/wp-json\/wp\/v2\/comments?post=25976"}],"version-history":[{"count":0,"href":"https:\/\/vocesdebaires.com.ar\/index.php\/wp-json\/wp\/v2\/posts\/25976\/revisions"}],"wp:featuredmedia":[{"embeddable":true,"href":"https:\/\/vocesdebaires.com.ar\/index.php\/wp-json\/wp\/v2\/media\/23093"}],"wp:attachment":[{"href":"https:\/\/vocesdebaires.com.ar\/index.php\/wp-json\/wp\/v2\/media?parent=25976"}],"wp:term":[{"taxonomy":"category","embeddable":true,"href":"https:\/\/vocesdebaires.com.ar\/index.php\/wp-json\/wp\/v2\/categories?post=25976"},{"taxonomy":"post_tag","embeddable":true,"href":"https:\/\/vocesdebaires.com.ar\/index.php\/wp-json\/wp\/v2\/tags?post=25976"}],"curies":[{"name":"wp","href":"https:\/\/api.w.org\/{rel}","templated":true}]}}