{"id":25995,"date":"2014-04-30T19:14:04","date_gmt":"2014-04-30T22:14:04","guid":{"rendered":"http:\/\/vocesdebaires.com.ar\/wordpress\/index.php\/2014\/04\/30\/el-filologo-luis-gonzalez-tosar-es-huesped-de-honor-2\/"},"modified":"2014-04-30T19:14:04","modified_gmt":"2014-04-30T22:14:04","slug":"el-filologo-luis-gonzalez-tosar-es-huesped-de-honor-2","status":"publish","type":"post","link":"https:\/\/vocesdebaires.com.ar\/index.php\/2014\/04\/30\/el-filologo-luis-gonzalez-tosar-es-huesped-de-honor-2\/","title":{"rendered":"El fil\u00f3logo Luis Gonz\u00e1lez Tosar es Hu\u00e9sped de Honor"},"content":{"rendered":"<p><span style=\"line-height: 1.3em;\">Se declar\u00f3 Hu\u00e9sped de Honor de la Ciudad Aut\u00f3noma de Buenos Aires al Licenciado Luis Gonz\u00e1lez Tosar, reconocido fil\u00f3logo y escritor hispano-argentino, por iniciativa del legislador del bloque PRO Daniel Presti. El acto se realiz\u00f3 en el Sal\u00f3n Eva Per\u00f3n del Palacio Legislativo.<\/span><span style=\"line-height: 1.3em;\">\u00abEs un honor para m\u00ed hacer la presentaci\u00f3n de alguien tan reconocido en el mundo de la literatura y la filolog\u00eda. Argentino de nacimiento, luego se traslad\u00f3 a Galicia para desarrollarse profesionalmente y hoy nos visita con los logros y laureles de su exitoso trabajo\u00bb, expres\u00f3 el diputado Daniel Presti (PRO) en sus palabras de bienvenida. Adem\u00e1s, destac\u00f3 su gran inter\u00e9s por promover el inter\u00e9s literario de los lectores tanto en ni\u00f1os, como adolescentes y adultos.<\/span><\/p>\n<p><span style=\"line-height: 1.3em;\">Luego de la entrega del diploma y de la medalla, el homenajeado se mostr\u00f3 \u00abinmensamente agradecido\u00bb y asegur\u00f3 que nunca abandon\u00f3 su condici\u00f3n de argentino ya que su vida no se entiende sin su paso por el pa\u00eds. \u00abSoy un hu\u00e9sped de honor comprometido con la Argentina, profundizo y me intereso mucho en la literatura nacional\u00bb, afirm\u00f3. Como cierre, concluy\u00f3 recit\u00e1ndole uno de sus poemas a los invitados presentes.<\/span><span style=\"line-height: 1.3em;\">Estuvieron en el Sal\u00f3n Eva Per\u00f3n Mar\u00eda Amelia Alonso, miembro de la Comuna 14, Carlos Brandeiro, Director del Departamento de Lengua y Literatura Gallegas del Colegio Santiago Ap\u00f3stol de Buenos Aires, Santiago Camba, Consejero de Empleo y Seguridad Social en Argentina, miembros de la comunidad gallega del pa\u00eds, familiares y amigos del homenajeado.<\/span><\/p>\n<p><span style=\"line-height: 1.3em;\">Trayectoria<\/span><\/p>\n<p><span style=\"line-height: 1.3em;\">Luis Gonz\u00e1lez Tosar es Licenciado en Filolog\u00eda Hisp\u00e1nica por la Universidad de Santiago de Compostela, en la actualidad es profesor de Lengua y Literatura gallega y preside el Centro P.E.N. de Galicia. Escritor en idioma gallego, su primer libro \u201cA caneiro cheo\u201d obtuvo el premio \u00abEsqu\u00edo\u00bb de poes\u00eda y el \u00abLosada Di\u00e9guez\u00bb de creaci\u00f3n, junto con el reconocimiento de la cr\u00edtica especializada que lo recibi\u00f3 como \u201cvoz renovadora enraizada en la m\u00e1s pura tradici\u00f3n l\u00edrica gallega\u201d. Otros poemarios suyos son: \u201cSeis c\u00e1nticos labrados co recordo de seis cidades mouras\u201d, \u201cCamp\u00e1s de Recalada\u201d y \u201cCoa forza da palabra\u201d.<\/span><\/p>\n<p><span style=\"line-height: 1.3em;\">Como narrador public\u00f3 \u201cEstaci\u00f3n Mar\u00edtima\u201d, volumen que recoge relatos y semblanzas de la di\u00e1spora gallega a Am\u00e9rica. Sus poemas figuran en varias antolog\u00edas y han sido traducidos al catal\u00e1n, al italiano, al ingl\u00e9s, al franc\u00e9s, al alem\u00e1n y al h\u00fangaro. Articulista habitual en prensa, colaborador en radio y televisi\u00f3n, en 1999 recibi\u00f3 el \u00abJulio Camba\u00bb de periodismo y el \u00abModesto R. Figueiredo\u00bb de narrativa.<\/span><\/p>\n<p><span style=\"line-height: 1.3em;\">Foto : El Licenciado Tosar recibi\u00f3 su diploma de manos del legislador Daniel Presti (PRO)<\/span><\/p>\n","protected":false},"excerpt":{"rendered":"<p>Se declar\u00f3 Hu\u00e9sped de Honor de la Ciudad Aut\u00f3noma de Buenos Aires al Licenciado Luis Gonz\u00e1lez Tosar, reconocido fil\u00f3logo y escritor hispano-argentino, por iniciativa del legislador del bloque PRO Daniel Presti. El acto se realiz\u00f3 en el Sal\u00f3n Eva Per\u00f3n del Palacio Legislativo.\u00abEs un honor para m\u00ed hacer la presentaci\u00f3n de alguien tan reconocido en [&hellip;]<\/p>\n","protected":false},"author":2,"featured_media":23129,"comment_status":"open","ping_status":"open","sticky":false,"template":"","format":"standard","meta":{"_et_pb_use_builder":"","_et_pb_old_content":"","_et_gb_content_width":"","footnotes":""},"categories":[11,44],"tags":[],"class_list":["post-25995","post","type-post","status-publish","format-standard","has-post-thumbnail","hentry","category-ciudad","category-funcionarios-de-la-caba"],"_links":{"self":[{"href":"https:\/\/vocesdebaires.com.ar\/index.php\/wp-json\/wp\/v2\/posts\/25995"}],"collection":[{"href":"https:\/\/vocesdebaires.com.ar\/index.php\/wp-json\/wp\/v2\/posts"}],"about":[{"href":"https:\/\/vocesdebaires.com.ar\/index.php\/wp-json\/wp\/v2\/types\/post"}],"author":[{"embeddable":true,"href":"https:\/\/vocesdebaires.com.ar\/index.php\/wp-json\/wp\/v2\/users\/2"}],"replies":[{"embeddable":true,"href":"https:\/\/vocesdebaires.com.ar\/index.php\/wp-json\/wp\/v2\/comments?post=25995"}],"version-history":[{"count":0,"href":"https:\/\/vocesdebaires.com.ar\/index.php\/wp-json\/wp\/v2\/posts\/25995\/revisions"}],"wp:featuredmedia":[{"embeddable":true,"href":"https:\/\/vocesdebaires.com.ar\/index.php\/wp-json\/wp\/v2\/media\/23129"}],"wp:attachment":[{"href":"https:\/\/vocesdebaires.com.ar\/index.php\/wp-json\/wp\/v2\/media?parent=25995"}],"wp:term":[{"taxonomy":"category","embeddable":true,"href":"https:\/\/vocesdebaires.com.ar\/index.php\/wp-json\/wp\/v2\/categories?post=25995"},{"taxonomy":"post_tag","embeddable":true,"href":"https:\/\/vocesdebaires.com.ar\/index.php\/wp-json\/wp\/v2\/tags?post=25995"}],"curies":[{"name":"wp","href":"https:\/\/api.w.org\/{rel}","templated":true}]}}