{"id":26037,"date":"2014-05-08T13:00:16","date_gmt":"2014-05-08T16:00:16","guid":{"rendered":"http:\/\/vocesdebaires.com.ar\/wordpress\/index.php\/2014\/05\/08\/macri-collar-verde-para-perros-limpitos-2\/"},"modified":"2014-05-08T13:00:16","modified_gmt":"2014-05-08T16:00:16","slug":"macri-collar-verde-para-perros-limpitos-2","status":"publish","type":"post","link":"https:\/\/vocesdebaires.com.ar\/index.php\/2014\/05\/08\/macri-collar-verde-para-perros-limpitos-2\/","title":{"rendered":"Macri: Collar verde para perros \u201climpitos\u201d"},"content":{"rendered":"<p><span style=\"line-height: 1.3em;\">La idea de Mauricio Macri lleg\u00f3 por Twitter y Facebook y enseguida se replic\u00f3 en las redes sociales. El jefe de Gobierno porte\u00f1o propuso ponerles collares verdes a los perros cuyos due\u00f1os son responsables y levantan su caca: \u201cCada vez veo m\u00e1s gente que saca a pasear a su perro y lleva una bolsita. Cuando el perro ensucia la calle, estas personas se agachan y con toda dignidad levantan los excrementos para tirarlos despu\u00e9s en un cesto. Cuando los veo me dan ganas de felicitarlos\u201d, poste\u00f3.<\/span><\/p>\n<p><span style=\"line-height: 1.3em;\">\u00bfCu\u00e1l es el objetivo? \u201cSe nos ocurri\u00f3 una idea muy simple: Si sos de los que levantan los excrementos ser\u00eda bueno que tu perro use un collar verde o una identificaci\u00f3n verde visible. Es una especie de declaraci\u00f3n que dice \u2018Yo limpio lo que mi perro ensucia\u2019\u201d, explica en la iniciativa.<\/span><\/p>\n<p><span style=\"line-height: 1.3em;\">la intenci\u00f3n as\u00ed, es distinguir a quienes se ocupan de los desperdicios de sus mascotas de quienes dejan la calle llena de excrementos. \u201cNo se qu\u00e9 te pasa a vos, pero a m\u00ed me parece injusto que cuando unos y otros pasean con sus perros no se los pueda diferenciar. El que va a levantar los excrementos se ve igual que el que los va a dejar en la vereda\u201d, dice Macri.<\/span><span style=\"line-height: 1.3em;\">La campa\u00f1a no tard\u00f3 en replicarse en las redes y muchos usuarios comenzaron a subir fotos de sus mascotas con el hashtag #Collarverde. Pero tambi\u00e9n surgieron algunas dudas, porque no qued\u00f3 claro si habr\u00e1 alg\u00fan beneficio especial para quienes se sumen, o si desde la Ciudad cubrir\u00edan los costos de los nuevos collares o repartir\u00edan algunos. La presencia de excrementos en las veredas porte\u00f1as es una molestia creciente pero no se ha podido controlar, pese a la creaci\u00f3n de caniles. \u201c\u00bfTen\u00e9s un perro? \u00bfAnd\u00e1s con una bolsita levantando lo que ensucia? Entonces acept\u00e1 esta invitaci\u00f3n, compartirla en Facebook\u201d, public\u00f3 Macri.<\/span><\/p>\n","protected":false},"excerpt":{"rendered":"<p>La idea de Mauricio Macri lleg\u00f3 por Twitter y Facebook y enseguida se replic\u00f3 en las redes sociales. El jefe de Gobierno porte\u00f1o propuso ponerles collares verdes a los perros cuyos due\u00f1os son responsables y levantan su caca: \u201cCada vez veo m\u00e1s gente que saca a pasear a su perro y lleva una bolsita. Cuando [&hellip;]<\/p>\n","protected":false},"author":2,"featured_media":23206,"comment_status":"open","ping_status":"open","sticky":false,"template":"","format":"standard","meta":{"_et_pb_use_builder":"","_et_pb_old_content":"","_et_gb_content_width":"","footnotes":""},"categories":[11,44],"tags":[],"class_list":["post-26037","post","type-post","status-publish","format-standard","has-post-thumbnail","hentry","category-ciudad","category-funcionarios-de-la-caba"],"_links":{"self":[{"href":"https:\/\/vocesdebaires.com.ar\/index.php\/wp-json\/wp\/v2\/posts\/26037"}],"collection":[{"href":"https:\/\/vocesdebaires.com.ar\/index.php\/wp-json\/wp\/v2\/posts"}],"about":[{"href":"https:\/\/vocesdebaires.com.ar\/index.php\/wp-json\/wp\/v2\/types\/post"}],"author":[{"embeddable":true,"href":"https:\/\/vocesdebaires.com.ar\/index.php\/wp-json\/wp\/v2\/users\/2"}],"replies":[{"embeddable":true,"href":"https:\/\/vocesdebaires.com.ar\/index.php\/wp-json\/wp\/v2\/comments?post=26037"}],"version-history":[{"count":0,"href":"https:\/\/vocesdebaires.com.ar\/index.php\/wp-json\/wp\/v2\/posts\/26037\/revisions"}],"wp:featuredmedia":[{"embeddable":true,"href":"https:\/\/vocesdebaires.com.ar\/index.php\/wp-json\/wp\/v2\/media\/23206"}],"wp:attachment":[{"href":"https:\/\/vocesdebaires.com.ar\/index.php\/wp-json\/wp\/v2\/media?parent=26037"}],"wp:term":[{"taxonomy":"category","embeddable":true,"href":"https:\/\/vocesdebaires.com.ar\/index.php\/wp-json\/wp\/v2\/categories?post=26037"},{"taxonomy":"post_tag","embeddable":true,"href":"https:\/\/vocesdebaires.com.ar\/index.php\/wp-json\/wp\/v2\/tags?post=26037"}],"curies":[{"name":"wp","href":"https:\/\/api.w.org\/{rel}","templated":true}]}}