{"id":26041,"date":"2014-05-08T21:49:37","date_gmt":"2014-05-09T00:49:37","guid":{"rendered":"http:\/\/vocesdebaires.com.ar\/wordpress\/index.php\/2014\/05\/08\/estudiaran-crear-escuela-especial-en-zona-sur-2\/"},"modified":"2014-05-08T21:49:37","modified_gmt":"2014-05-09T00:49:37","slug":"estudiaran-crear-escuela-especial-en-zona-sur-2","status":"publish","type":"post","link":"https:\/\/vocesdebaires.com.ar\/index.php\/2014\/05\/08\/estudiaran-crear-escuela-especial-en-zona-sur-2\/","title":{"rendered":"Estudiar\u00e1n crear escuela especial en zona sur"},"content":{"rendered":"<p><span style=\"line-height: 1.3em;\">La Legislatura aprob\u00f3 una declaraci\u00f3n por la que \u00abver\u00eda con agrado que el Poder Ejecutivo, a trav\u00e9s del Ministerio de Educaci\u00f3n realice un estudio de factibilidad para la creaci\u00f3n e implementaci\u00f3n de una Escuela para discapacidades motoras asociadas a discapacidades m\u00faltiples, para ni\u00f1os\/as y adolescentes en la zona sur de nuestra Ciudad\u00bb. La manifestaci\u00f3n responde a reiterados pedidos de la comunidad educativa de la zona sur de nuestra ciudad. La iniciativa del diputado Hern\u00e1n Rossi (SUMA +) tuvo despacho de la Comisi\u00f3n de Educaci\u00f3n, Ciencia y Tecnolog\u00eda.<\/span><\/p>\n<p><span style=\"line-height: 1.3em;\">Nomenclatura a espacios verdes<\/span><\/p>\n<p><span style=\"line-height: 1.3em;\">Recibi\u00f3 sanci\u00f3n definitiva una ley de autor\u00eda de los diputados Claudio Presman y Rub\u00e9n Campos (MC) que denomina \u201cDr. Arturo O\u00f1ativia\u201d al espacio verde ubicado en la calle Uspallata entre Monteagudo e Iguaz\u00fa, de la ciudad de Buenos Aires. El Dr. O\u00f1ativia impuls\u00f3 iniciativas fundamentales como la ley de Reforma del Sistema Hospitalario Nacional y de Hospitales de la Comunidad, como as\u00ed tambi\u00e9n la creaci\u00f3n del Servicio Nacional de Agua Potable que garantizaba la provisi\u00f3n a las comunidades rurales. Asimismo, fue de importancia estrat\u00e9gica la ley de Medicamentos, ley 16.462 y la ley 16.463 conocida como \u00abley O\u00f1ativia\u00bb que le daba al medicamento un car\u00e1cter de \u00abbien social\u00bb al servicio de la salud p\u00fablica y de la sociedad.<\/span><\/p>\n<p>Adem\u00e1s se aprob\u00f3 tambi\u00e9n en segunda lectura una ley que nombra \u00abPulper\u00eda La Blanqueada\u00bb a la plazoleta ubicada entre las calles Ulrico Schmidl, Murguiondo y la Avenida Emilio Castro, un s\u00edmbolo hist\u00f3rico del barrio de Liniers. La Blanqueada fue un punto de reuni\u00f3n donde se encontraban vecinos, lecheros, payadores y aquellos pasajeros que transitaban por Liniers, siendo uno de los lugares centrales donde comenz\u00f3 a forjarse el patrimonio cultural e hist\u00f3rico del barrio. \u00abEs signo de identidad y tradici\u00f3n, tal es as\u00ed que se encuentra presente su denominaci\u00f3n en el Escudo barrial, cuya imagen se acompa\u00f1a. Sin embargo, el nombre de esta pulper\u00eda hoy est\u00e1 ausente en la nomenclatura urbana del barrio\u00bb, sostienen los fundamentos del proyecto.<\/p>\n<p><span style=\"line-height: 1.3em;\">Por otra parte, se aprob\u00f3 llamar \u00abCamino de San Justo\u00bb a la plazoleta ubicada entre las calles Emilio Castro, De Zequeira y Basualdo del Barrio de Mataderos, en la Comuna 9. Estas dos iniciativas fueron impulsadas por la diputada Lia Rueda (PRO). La actual Avenida Emilio Castro llev\u00f3 el nombre de \u00abCamino de San Justo\u00bb hasta el 28 de octubre de 1902, denominaci\u00f3n asignada a causa de ser la arter\u00eda que comunicaba los actuales barrios de Liniers, Mataderos y Villa Luro con la localidad de San Justo, centro del Municipio de La Matanza en la Provincia de Buenos Aires.<\/span><span style=\"line-height: 1.3em;\">En el mismo sentido fue aprobada una norma de autor\u00eda de la diputada Raquel Herrero (PRO) que denomina \u00abSan Francisco de As\u00eds\u00bb al cantero central ubicado en la calle Francisco Bilbao entre la calle Culpina y la Avenida Lafuente.<\/span><\/p>\n","protected":false},"excerpt":{"rendered":"<p>La Legislatura aprob\u00f3 una declaraci\u00f3n por la que \u00abver\u00eda con agrado que el Poder Ejecutivo, a trav\u00e9s del Ministerio de Educaci\u00f3n realice un estudio de factibilidad para la creaci\u00f3n e implementaci\u00f3n de una Escuela para discapacidades motoras asociadas a discapacidades m\u00faltiples, para ni\u00f1os\/as y adolescentes en la zona sur de nuestra Ciudad\u00bb. La manifestaci\u00f3n responde [&hellip;]<\/p>\n","protected":false},"author":2,"featured_media":23214,"comment_status":"open","ping_status":"open","sticky":false,"template":"","format":"standard","meta":{"_et_pb_use_builder":"","_et_pb_old_content":"","_et_gb_content_width":"","footnotes":""},"categories":[11,44],"tags":[],"class_list":["post-26041","post","type-post","status-publish","format-standard","has-post-thumbnail","hentry","category-ciudad","category-funcionarios-de-la-caba"],"_links":{"self":[{"href":"https:\/\/vocesdebaires.com.ar\/index.php\/wp-json\/wp\/v2\/posts\/26041"}],"collection":[{"href":"https:\/\/vocesdebaires.com.ar\/index.php\/wp-json\/wp\/v2\/posts"}],"about":[{"href":"https:\/\/vocesdebaires.com.ar\/index.php\/wp-json\/wp\/v2\/types\/post"}],"author":[{"embeddable":true,"href":"https:\/\/vocesdebaires.com.ar\/index.php\/wp-json\/wp\/v2\/users\/2"}],"replies":[{"embeddable":true,"href":"https:\/\/vocesdebaires.com.ar\/index.php\/wp-json\/wp\/v2\/comments?post=26041"}],"version-history":[{"count":0,"href":"https:\/\/vocesdebaires.com.ar\/index.php\/wp-json\/wp\/v2\/posts\/26041\/revisions"}],"wp:featuredmedia":[{"embeddable":true,"href":"https:\/\/vocesdebaires.com.ar\/index.php\/wp-json\/wp\/v2\/media\/23214"}],"wp:attachment":[{"href":"https:\/\/vocesdebaires.com.ar\/index.php\/wp-json\/wp\/v2\/media?parent=26041"}],"wp:term":[{"taxonomy":"category","embeddable":true,"href":"https:\/\/vocesdebaires.com.ar\/index.php\/wp-json\/wp\/v2\/categories?post=26041"},{"taxonomy":"post_tag","embeddable":true,"href":"https:\/\/vocesdebaires.com.ar\/index.php\/wp-json\/wp\/v2\/tags?post=26041"}],"curies":[{"name":"wp","href":"https:\/\/api.w.org\/{rel}","templated":true}]}}