{"id":26049,"date":"2014-05-09T17:14:06","date_gmt":"2014-05-09T20:14:06","guid":{"rendered":"http:\/\/vocesdebaires.com.ar\/wordpress\/index.php\/2014\/05\/09\/maria-eugenia-vidal-en-brandsen-2\/"},"modified":"2014-05-09T17:14:06","modified_gmt":"2014-05-09T20:14:06","slug":"maria-eugenia-vidal-en-brandsen-2","status":"publish","type":"post","link":"https:\/\/vocesdebaires.com.ar\/index.php\/2014\/05\/09\/maria-eugenia-vidal-en-brandsen-2\/","title":{"rendered":"Mar\u00eda Eugenia Vidal en Brandsen"},"content":{"rendered":"<p><span style=\"line-height: 1.3em;\"> Durante una nueva recorrida por el distrito bonaerense, Mar\u00eda Eugenia Vidal reiter\u00f3 \u00a0en Brandsen su oposici\u00f3n a \u201cla reelecci\u00f3n indefinida\u201d de \u00a0cargos pol\u00edticos pero advirti\u00f3 adem\u00e1s que \u201ces necesario legislar para impedir la sucesi\u00f3n tramposa entre parientes\u201d.<\/span><span style=\"line-height: 1.3em;\">La referente del PRO visit\u00f3 el partido de Brandsen, donde se reuni\u00f3 con vecinos que le expresaron su preocupaci\u00f3n por las reiteradas inundaciones y por la precaria atenci\u00f3n que reciben los chicos en el hospital municipal. Luego ofreci\u00f3 una conferencia de prensa a medios locales y regionales. <\/span><\/p>\n<p><span style=\"line-height: 1.3em;\">\u201cNo alcanza con limitar las reelecciones para que no sean indefinidas, sino que hay que ser bien claros a partir de cu\u00e1ndo rige porque si decimos que es a partir de la sanci\u00f3n de la ley, aquellos intendentes que vienen gobernando desde hace 20 a\u00f1os van a querer tener 8 a\u00f1os m\u00e1s en el poder\u201d, apunt\u00f3 Vidal en una conferencia de prensa.<\/span><span style=\"line-height: 1.3em;\">Vidal tambi\u00e9n se\u00f1al\u00f3 que \u201cha habido mucha avivada de quien pone a su hijo o hermano para conservar el apellido en elecciones legislativas o ejecutivas. Alg\u00fan tipo de regulaci\u00f3n tenemos que legislar en ese sentido, porque eso no es una democracia, sino una monarqu\u00eda\u201d, concluy\u00f3<\/span><\/p>\n","protected":false},"excerpt":{"rendered":"<p>Durante una nueva recorrida por el distrito bonaerense, Mar\u00eda Eugenia Vidal reiter\u00f3 \u00a0en Brandsen su oposici\u00f3n a \u201cla reelecci\u00f3n indefinida\u201d de \u00a0cargos pol\u00edticos pero advirti\u00f3 adem\u00e1s que \u201ces necesario legislar para impedir la sucesi\u00f3n tramposa entre parientes\u201d.La referente del PRO visit\u00f3 el partido de Brandsen, donde se reuni\u00f3 con vecinos que le expresaron su preocupaci\u00f3n [&hellip;]<\/p>\n","protected":false},"author":2,"featured_media":23228,"comment_status":"open","ping_status":"open","sticky":false,"template":"","format":"standard","meta":{"_et_pb_use_builder":"","_et_pb_old_content":"","_et_gb_content_width":"","footnotes":""},"categories":[11,44],"tags":[],"class_list":["post-26049","post","type-post","status-publish","format-standard","has-post-thumbnail","hentry","category-ciudad","category-funcionarios-de-la-caba"],"_links":{"self":[{"href":"https:\/\/vocesdebaires.com.ar\/index.php\/wp-json\/wp\/v2\/posts\/26049"}],"collection":[{"href":"https:\/\/vocesdebaires.com.ar\/index.php\/wp-json\/wp\/v2\/posts"}],"about":[{"href":"https:\/\/vocesdebaires.com.ar\/index.php\/wp-json\/wp\/v2\/types\/post"}],"author":[{"embeddable":true,"href":"https:\/\/vocesdebaires.com.ar\/index.php\/wp-json\/wp\/v2\/users\/2"}],"replies":[{"embeddable":true,"href":"https:\/\/vocesdebaires.com.ar\/index.php\/wp-json\/wp\/v2\/comments?post=26049"}],"version-history":[{"count":0,"href":"https:\/\/vocesdebaires.com.ar\/index.php\/wp-json\/wp\/v2\/posts\/26049\/revisions"}],"wp:featuredmedia":[{"embeddable":true,"href":"https:\/\/vocesdebaires.com.ar\/index.php\/wp-json\/wp\/v2\/media\/23228"}],"wp:attachment":[{"href":"https:\/\/vocesdebaires.com.ar\/index.php\/wp-json\/wp\/v2\/media?parent=26049"}],"wp:term":[{"taxonomy":"category","embeddable":true,"href":"https:\/\/vocesdebaires.com.ar\/index.php\/wp-json\/wp\/v2\/categories?post=26049"},{"taxonomy":"post_tag","embeddable":true,"href":"https:\/\/vocesdebaires.com.ar\/index.php\/wp-json\/wp\/v2\/tags?post=26049"}],"curies":[{"name":"wp","href":"https:\/\/api.w.org\/{rel}","templated":true}]}}