{"id":26054,"date":"2014-05-12T13:58:59","date_gmt":"2014-05-12T16:58:59","guid":{"rendered":"http:\/\/vocesdebaires.com.ar\/wordpress\/index.php\/2014\/05\/12\/ciudad-ofrece-terminar-el-secundario-de-forma-online-2\/"},"modified":"2014-05-12T13:58:59","modified_gmt":"2014-05-12T16:58:59","slug":"ciudad-ofrece-terminar-el-secundario-de-forma-online-2","status":"publish","type":"post","link":"https:\/\/vocesdebaires.com.ar\/index.php\/2014\/05\/12\/ciudad-ofrece-terminar-el-secundario-de-forma-online-2\/","title":{"rendered":"Ciudad: Ofrece terminar el secundario de forma online"},"content":{"rendered":"<p><span style=\"line-height: 1.3em;\">El Gobierno porte\u00f1o lanz\u00f3 un programa para incentivar la finalizaci\u00f3n de la escuela secundaria, para cualquier persona independientemente de la provincia en que viva. La modalidad es virtual (a distancia), por lo que se busca combatir, entre otros puntos, la gran deserci\u00f3n que existe en el pa\u00eds. La inscripci\u00f3n ya est\u00e1 abierta.<\/span><span style=\"line-height: 1.3em;\">La intenci\u00f3n es que miles de personas mayores de edad retomen los estudios y obtengan su t\u00edtulo de Bachiller Com\u00fan. Se trata de una nueva versi\u00f3n del programa Adultos 2000. \u201cNo requiere la obligaci\u00f3n de asistir a clases. Cada estudiante puede seguir su propio ritmo de estudio y acceder a material, foros y aulas virtuales por medio de la plataforma online\u201d, se lee en las bases del programa.<\/span><\/p>\n<p><span style=\"line-height: 1.3em;\">En la actualidad, si se suman los casos de abandono y repetici\u00f3n, se advierte que en Argentina menos del 50% de los estudiantes terminan la escuela en tiempo y forma, a pesar de la fuerte inversi\u00f3n en Educaci\u00f3n que destin\u00f3 el Gobierno nacional en los \u00faltimos a\u00f1os (m\u00e1s del 6% del PBI).<\/span><span style=\"line-height: 1.3em;\">Para hacer el secundario completo, se tienen que cursar 26 materias en total, lo que representa aproximadamente tres a\u00f1os de dedicaci\u00f3n. Esta cantidad puede ser menor en funci\u00f3n de las materias que adeuden quienes buscan retomar el colegio. Las evaluaciones ser\u00e1n presenciales. <\/span><span style=\"line-height: 1.3em;\">A pesar de que se conocieron cr\u00edticas desde el Ministerio de Educaci\u00f3n nacional, ya est\u00e1 abierta la inscripci\u00f3n. Hay que entrar a buenosaires.gob.ar\/terminalasecundaria o llamar al 147 \u00f3 0800-999-2727.<\/span><\/p>\n","protected":false},"excerpt":{"rendered":"<p>El Gobierno porte\u00f1o lanz\u00f3 un programa para incentivar la finalizaci\u00f3n de la escuela secundaria, para cualquier persona independientemente de la provincia en que viva. La modalidad es virtual (a distancia), por lo que se busca combatir, entre otros puntos, la gran deserci\u00f3n que existe en el pa\u00eds. La inscripci\u00f3n ya est\u00e1 abierta.La intenci\u00f3n es que [&hellip;]<\/p>\n","protected":false},"author":2,"featured_media":23238,"comment_status":"open","ping_status":"open","sticky":false,"template":"","format":"standard","meta":{"_et_pb_use_builder":"","_et_pb_old_content":"","_et_gb_content_width":"","footnotes":""},"categories":[11,44],"tags":[],"class_list":["post-26054","post","type-post","status-publish","format-standard","has-post-thumbnail","hentry","category-ciudad","category-funcionarios-de-la-caba"],"_links":{"self":[{"href":"https:\/\/vocesdebaires.com.ar\/index.php\/wp-json\/wp\/v2\/posts\/26054"}],"collection":[{"href":"https:\/\/vocesdebaires.com.ar\/index.php\/wp-json\/wp\/v2\/posts"}],"about":[{"href":"https:\/\/vocesdebaires.com.ar\/index.php\/wp-json\/wp\/v2\/types\/post"}],"author":[{"embeddable":true,"href":"https:\/\/vocesdebaires.com.ar\/index.php\/wp-json\/wp\/v2\/users\/2"}],"replies":[{"embeddable":true,"href":"https:\/\/vocesdebaires.com.ar\/index.php\/wp-json\/wp\/v2\/comments?post=26054"}],"version-history":[{"count":0,"href":"https:\/\/vocesdebaires.com.ar\/index.php\/wp-json\/wp\/v2\/posts\/26054\/revisions"}],"wp:featuredmedia":[{"embeddable":true,"href":"https:\/\/vocesdebaires.com.ar\/index.php\/wp-json\/wp\/v2\/media\/23238"}],"wp:attachment":[{"href":"https:\/\/vocesdebaires.com.ar\/index.php\/wp-json\/wp\/v2\/media?parent=26054"}],"wp:term":[{"taxonomy":"category","embeddable":true,"href":"https:\/\/vocesdebaires.com.ar\/index.php\/wp-json\/wp\/v2\/categories?post=26054"},{"taxonomy":"post_tag","embeddable":true,"href":"https:\/\/vocesdebaires.com.ar\/index.php\/wp-json\/wp\/v2\/tags?post=26054"}],"curies":[{"name":"wp","href":"https:\/\/api.w.org\/{rel}","templated":true}]}}