{"id":26071,"date":"2014-05-14T12:17:03","date_gmt":"2014-05-14T15:17:03","guid":{"rendered":"http:\/\/vocesdebaires.com.ar\/wordpress\/index.php\/2014\/05\/14\/mejorar-la-escuela-publica-regularizacion-de-camaras-de-seguridad-2\/"},"modified":"2014-05-14T12:17:03","modified_gmt":"2014-05-14T15:17:03","slug":"mejorar-la-escuela-publica-regularizacion-de-camaras-de-seguridad-2","status":"publish","type":"post","link":"https:\/\/vocesdebaires.com.ar\/index.php\/2014\/05\/14\/mejorar-la-escuela-publica-regularizacion-de-camaras-de-seguridad-2\/","title":{"rendered":"Mejorar la escuela p\u00fablica ,regularizaci\u00f3n de c\u00e1maras de seguridad"},"content":{"rendered":"<p><span style=\"line-height: 1.3em;\">En el d\u00eda de la fecha, se ha presentado en mesa de entrada de la Legislatura porte\u00f1a un proyecto de Ley para la titularizaci\u00f3n de los agentes que se desempe\u00f1an en los programas socioeducativos dependientes del Ministerio de Educaci\u00f3n de la Ciudad de Buenos Aires<\/span><\/p>\n<p>El proyecto impulsado por los legisladores: Lorena Pokoik (FPV), Jorge \u00abQuito\u00bb Arag\u00f3n (FPV) , Paula Penacca (FPV), Jos\u00e9 Cruz Campagnoli (Nuevo Encuentro), Pablo Ferreyra (Izquierda Popular), Alejandro Bodart (MST), -entre otros-, \u00a0se da en el marco de un gran trabajo que se viene llevando adelante en defensa de la escuela p\u00fablica y significar\u00e1 estabilidad laboral, mayores derechos para los trabajadores y fortalecimiento de las propuestas educativas.<\/p>\n<p>En este sentido, Pokoik afirm\u00f3 que \u00abes muy importante que esta iniciativa tenga los votos necesarios para poder llevarla adelante y que el Ejecutivo de la Ciudad de Buenos Aires presente voluntad de di\u00e1logo para mejorar la calidad de la escuela p\u00fablica\u00bb.<span style=\"line-height: 1.3em;\">Adem\u00e1s la legisladora agreg\u00f3: \u00abLa titularizaci\u00f3n de los docentes del programa socioeducativo significa terminar con la precarizaci\u00f3n laboral, esto es una deuda pendiente que sigue teniendo la Ciudad con muchos trabajadores\u00bb.<\/span><\/p>\n<p><span style=\"line-height: 1.3em;\">PROYECTO PARA REGULAR LAS CAMARAS DE SEGURIDAD DE LA CIUDAD<\/span><\/p>\n<p><span style=\"line-height: 1.3em;\">La diputada porte\u00f1a del Frente para la Victoria Claudia Neira present\u00f3 un proyecto acompa\u00f1ado por la legisladora Lorena Pokoik para regular la instalaci\u00f3n de c\u00e1maras de seguridad en el \u00e1mbito de la Ciudad de Buenos Aires. <\/span><span style=\"line-height: 1.3em;\">Neira manifest\u00f3 que se trata de un proyecto que busca \u00abordenar la disposici\u00f3n de estos sistemas de vigilancia a partir de un paradigma de seguridad democr\u00e1tica y eficiente para prevenir y sancionar el delito\u00bb.<\/span><\/p>\n<p><span style=\"line-height: 1.3em;\">Por su parte, Pokoik expres\u00f3: \u00abEstamos proponiendo una utilizaci\u00f3n racional de las c\u00e1maras, garantizando la funci\u00f3n preventiva del delito y reconstructora de los hechos pero sin menoscabar el derecho a la intimidad de los habitantes de nuestra Ciudad\u201d.<\/span><span style=\"line-height: 1.3em;\">\u201cTampoco es correcto que el Estado de la Ciudad de Buenos Aires a trav\u00e9s de la Polic\u00eda Metropolitana trabaje como camar\u00f3grafo de los canales de televisi\u00f3n privados difundiendo im\u00e1genes que aunque sean pixeladas pueden afectar la intimidad, especialmente de las v\u00edctimas\u201d, <\/span><span style=\"line-height: 1.3em;\">agreg\u00f3 la diputada Pokoik.<\/span><\/p>\n<p><span style=\"line-height: 1.3em;\">La diputada Neira critic\u00f3 la actual utilizaci\u00f3n de las c\u00e1maras por la gesti\u00f3n de PRO: \u00abSe prioriza el Marketing por sobre la Seguridad. Se ponen c\u00e1maras donde se puede poner un vistoso cartel indicando que hay una c\u00e1mara, en vez de usar estos dispositivos para intervenir en las zonas donde se registran los mayores delitos\u00bb.<\/span><span style=\"line-height: 1.3em;\">Neira, quien tiene un proyecto vinculado a la regulaci\u00f3n de los cuidacoches en la Ciudad, se refiri\u00f3 a este tema: \u00abHoy colocan las c\u00e1maras de seguridad sin estudiar d\u00f3nde se necesitan. Despu\u00e9s escuchamos a funcionarios del PRO diciendo que no hay pruebas para sancionar las contravenciones como las extorsiones de algunos trapitos. Ser\u00eda bueno empezar a instalar c\u00e1maras en aquellas zonas donde act\u00faan las mafias, como en las inmediaciones de los conciertos o los estadios de f\u00fatbol\u00bb.<\/span><\/p>\n","protected":false},"excerpt":{"rendered":"<p>En el d\u00eda de la fecha, se ha presentado en mesa de entrada de la Legislatura porte\u00f1a un proyecto de Ley para la titularizaci\u00f3n de los agentes que se desempe\u00f1an en los programas socioeducativos dependientes del Ministerio de Educaci\u00f3n de la Ciudad de Buenos Aires El proyecto impulsado por los legisladores: Lorena Pokoik (FPV), Jorge [&hellip;]<\/p>\n","protected":false},"author":2,"featured_media":22411,"comment_status":"open","ping_status":"open","sticky":false,"template":"","format":"standard","meta":{"_et_pb_use_builder":"","_et_pb_old_content":"","_et_gb_content_width":"","footnotes":""},"categories":[11,44],"tags":[],"class_list":["post-26071","post","type-post","status-publish","format-standard","has-post-thumbnail","hentry","category-ciudad","category-funcionarios-de-la-caba"],"_links":{"self":[{"href":"https:\/\/vocesdebaires.com.ar\/index.php\/wp-json\/wp\/v2\/posts\/26071"}],"collection":[{"href":"https:\/\/vocesdebaires.com.ar\/index.php\/wp-json\/wp\/v2\/posts"}],"about":[{"href":"https:\/\/vocesdebaires.com.ar\/index.php\/wp-json\/wp\/v2\/types\/post"}],"author":[{"embeddable":true,"href":"https:\/\/vocesdebaires.com.ar\/index.php\/wp-json\/wp\/v2\/users\/2"}],"replies":[{"embeddable":true,"href":"https:\/\/vocesdebaires.com.ar\/index.php\/wp-json\/wp\/v2\/comments?post=26071"}],"version-history":[{"count":0,"href":"https:\/\/vocesdebaires.com.ar\/index.php\/wp-json\/wp\/v2\/posts\/26071\/revisions"}],"wp:featuredmedia":[{"embeddable":true,"href":"https:\/\/vocesdebaires.com.ar\/index.php\/wp-json\/wp\/v2\/media\/22411"}],"wp:attachment":[{"href":"https:\/\/vocesdebaires.com.ar\/index.php\/wp-json\/wp\/v2\/media?parent=26071"}],"wp:term":[{"taxonomy":"category","embeddable":true,"href":"https:\/\/vocesdebaires.com.ar\/index.php\/wp-json\/wp\/v2\/categories?post=26071"},{"taxonomy":"post_tag","embeddable":true,"href":"https:\/\/vocesdebaires.com.ar\/index.php\/wp-json\/wp\/v2\/tags?post=26071"}],"curies":[{"name":"wp","href":"https:\/\/api.w.org\/{rel}","templated":true}]}}