{"id":2610,"date":"2020-10-16T03:13:05","date_gmt":"2020-10-16T06:13:05","guid":{"rendered":"http:\/\/vocesdebaires.com.ar\/wordpress\/index.php\/2020\/10\/16\/dos-mujeres-detenidas-por-golpear-a-un-hombre\/"},"modified":"2020-10-16T03:13:05","modified_gmt":"2020-10-16T06:13:05","slug":"dos-mujeres-detenidas-por-golpear-a-un-hombre","status":"publish","type":"post","link":"https:\/\/vocesdebaires.com.ar\/index.php\/2020\/10\/16\/dos-mujeres-detenidas-por-golpear-a-un-hombre\/","title":{"rendered":"Dos mujeres detenidas por golpear a un hombre"},"content":{"rendered":"<p>El hecho se registr\u00f3 d\u00edas atr\u00e1s en un edificio de la avenida Boedo al 300 cuando el hombre, de nacionalidad italiana, denunci\u00f3 haber sido golpeado por dos mujeres, ambas de 27 a\u00f1os, una argentina y otra paraguaya, por haberles recriminado que sacaran con correa y bozal a su perro, que habr\u00eda intentado morderlo. La Fiscal\u00eda en lo Penal, Contravencional y de Faltas 22, a cargo de la doctora Mariela Paola De Minicis, Secretar\u00eda \u00danica del doctor Arnaudo, orden\u00f3 identificar y dar con las acusadas, lo cual hizo la Brigada de la Comisar\u00eda Comunal 5 de la Polic\u00eda de la Ciudad tras tareas de investigaci\u00f3n. Con los datos acopiados, la Fiscal\u00eda logr\u00f3 la aprobaci\u00f3n de un allanamiento por parte del Juzgado Contravencional 7, en un departamento ubicado en un edificio de la misma cuadra en la que se produjo el il\u00edcito. El procedimiento se desarroll\u00f3 sin dificultad, logrando la detenci\u00f3n de las imputadas y su posterior traslado a la comisaria correspondiente, tal lo solicitado por el magistrado.<\/p>\n","protected":false},"excerpt":{"rendered":"<p>El hecho se registr\u00f3 d\u00edas atr\u00e1s en un edificio de la avenida Boedo al 300 cuando el hombre, de nacionalidad italiana, denunci\u00f3 haber sido golpeado por dos mujeres, ambas de 27 a\u00f1os, una argentina y otra paraguaya, por haberles recriminado que sacaran con correa y bozal a su perro, que habr\u00eda intentado morderlo. La Fiscal\u00eda [&hellip;]<\/p>\n","protected":false},"author":1,"featured_media":498,"comment_status":"open","ping_status":"open","sticky":false,"template":"","format":"standard","meta":{"_et_pb_use_builder":"","_et_pb_old_content":"","_et_gb_content_width":"","footnotes":""},"categories":[11,32],"tags":[],"class_list":["post-2610","post","type-post","status-publish","format-standard","has-post-thumbnail","hentry","category-ciudad","category-comunas"],"_links":{"self":[{"href":"https:\/\/vocesdebaires.com.ar\/index.php\/wp-json\/wp\/v2\/posts\/2610"}],"collection":[{"href":"https:\/\/vocesdebaires.com.ar\/index.php\/wp-json\/wp\/v2\/posts"}],"about":[{"href":"https:\/\/vocesdebaires.com.ar\/index.php\/wp-json\/wp\/v2\/types\/post"}],"author":[{"embeddable":true,"href":"https:\/\/vocesdebaires.com.ar\/index.php\/wp-json\/wp\/v2\/users\/1"}],"replies":[{"embeddable":true,"href":"https:\/\/vocesdebaires.com.ar\/index.php\/wp-json\/wp\/v2\/comments?post=2610"}],"version-history":[{"count":0,"href":"https:\/\/vocesdebaires.com.ar\/index.php\/wp-json\/wp\/v2\/posts\/2610\/revisions"}],"wp:featuredmedia":[{"embeddable":true,"href":"https:\/\/vocesdebaires.com.ar\/index.php\/wp-json\/wp\/v2\/media\/498"}],"wp:attachment":[{"href":"https:\/\/vocesdebaires.com.ar\/index.php\/wp-json\/wp\/v2\/media?parent=2610"}],"wp:term":[{"taxonomy":"category","embeddable":true,"href":"https:\/\/vocesdebaires.com.ar\/index.php\/wp-json\/wp\/v2\/categories?post=2610"},{"taxonomy":"post_tag","embeddable":true,"href":"https:\/\/vocesdebaires.com.ar\/index.php\/wp-json\/wp\/v2\/tags?post=2610"}],"curies":[{"name":"wp","href":"https:\/\/api.w.org\/{rel}","templated":true}]}}