{"id":26104,"date":"2014-05-19T14:43:17","date_gmt":"2014-05-19T17:43:17","guid":{"rendered":"http:\/\/vocesdebaires.com.ar\/wordpress\/index.php\/2014\/05\/19\/vidal-recorrio-salliquelo-y-a-alsina-2\/"},"modified":"2014-05-19T14:43:17","modified_gmt":"2014-05-19T17:43:17","slug":"vidal-recorrio-salliquelo-y-a-alsina-2","status":"publish","type":"post","link":"https:\/\/vocesdebaires.com.ar\/index.php\/2014\/05\/19\/vidal-recorrio-salliquelo-y-a-alsina-2\/","title":{"rendered":"Vidal recorri\u00f3 Salliquel\u00f3 y A. Alsina"},"content":{"rendered":"<p><span style=\"line-height: 1.3em;\">La referente del PRO Mar\u00eda Eugenia Vidal se reuni\u00f3 este fin de semana con diferentes entidades agropecuarias de Salliquel\u00f3 y Adolfo Alsina, donde se\u00f1al\u00f3 que \u201cel Estado nacional deber\u00eda mejorar el v\u00ednculo y facilitar el crecimiento de este sector. No ponerle palos en la rueda\u201d.<\/span><\/p>\n<p><span style=\"line-height: 1.3em;\">\u201cVamos a continuar con reuniones en las distintas localidades para presentarles nuestra propuesta concreta para 2015. Luego de estos 10 a\u00f1os creemos que el campo necesita una reactivaci\u00f3n\u201d, sostuvo Vidal.<\/span><span style=\"line-height: 1.3em;\">En ese sentido, remarc\u00f3: \u201cEn cada lugar la idea es ver c\u00f3mo est\u00e1 la situaci\u00f3n del el sector productivo que para nosotros es muy importante porque es el que genera empleo\u201d.<\/span><span style=\"line-height: 1.3em;\">Vidal estuvo acompa\u00f1ada durante la visita por el diputado nacional Federico Sturzenegger \u00a0y los referentes locales del PRO Juan Nocetti (Salliquel\u00f3) y Sebasti\u00e1n Seijas (Adolfo Alsina).<\/span><\/p>\n","protected":false},"excerpt":{"rendered":"<p>La referente del PRO Mar\u00eda Eugenia Vidal se reuni\u00f3 este fin de semana con diferentes entidades agropecuarias de Salliquel\u00f3 y Adolfo Alsina, donde se\u00f1al\u00f3 que \u201cel Estado nacional deber\u00eda mejorar el v\u00ednculo y facilitar el crecimiento de este sector. No ponerle palos en la rueda\u201d. \u201cVamos a continuar con reuniones en las distintas localidades para [&hellip;]<\/p>\n","protected":false},"author":2,"featured_media":17432,"comment_status":"open","ping_status":"open","sticky":false,"template":"","format":"standard","meta":{"_et_pb_use_builder":"","_et_pb_old_content":"","_et_gb_content_width":"","footnotes":""},"categories":[11,44],"tags":[],"class_list":["post-26104","post","type-post","status-publish","format-standard","has-post-thumbnail","hentry","category-ciudad","category-funcionarios-de-la-caba"],"_links":{"self":[{"href":"https:\/\/vocesdebaires.com.ar\/index.php\/wp-json\/wp\/v2\/posts\/26104"}],"collection":[{"href":"https:\/\/vocesdebaires.com.ar\/index.php\/wp-json\/wp\/v2\/posts"}],"about":[{"href":"https:\/\/vocesdebaires.com.ar\/index.php\/wp-json\/wp\/v2\/types\/post"}],"author":[{"embeddable":true,"href":"https:\/\/vocesdebaires.com.ar\/index.php\/wp-json\/wp\/v2\/users\/2"}],"replies":[{"embeddable":true,"href":"https:\/\/vocesdebaires.com.ar\/index.php\/wp-json\/wp\/v2\/comments?post=26104"}],"version-history":[{"count":0,"href":"https:\/\/vocesdebaires.com.ar\/index.php\/wp-json\/wp\/v2\/posts\/26104\/revisions"}],"wp:featuredmedia":[{"embeddable":true,"href":"https:\/\/vocesdebaires.com.ar\/index.php\/wp-json\/wp\/v2\/media\/17432"}],"wp:attachment":[{"href":"https:\/\/vocesdebaires.com.ar\/index.php\/wp-json\/wp\/v2\/media?parent=26104"}],"wp:term":[{"taxonomy":"category","embeddable":true,"href":"https:\/\/vocesdebaires.com.ar\/index.php\/wp-json\/wp\/v2\/categories?post=26104"},{"taxonomy":"post_tag","embeddable":true,"href":"https:\/\/vocesdebaires.com.ar\/index.php\/wp-json\/wp\/v2\/tags?post=26104"}],"curies":[{"name":"wp","href":"https:\/\/api.w.org\/{rel}","templated":true}]}}