{"id":26108,"date":"2014-05-19T18:53:50","date_gmt":"2014-05-19T21:53:50","guid":{"rendered":"http:\/\/vocesdebaires.com.ar\/wordpress\/index.php\/2014\/05\/19\/protesta-de-los-profesionales-del-hospital-moyano-2\/"},"modified":"2014-05-19T18:53:50","modified_gmt":"2014-05-19T21:53:50","slug":"protesta-de-los-profesionales-del-hospital-moyano-2","status":"publish","type":"post","link":"https:\/\/vocesdebaires.com.ar\/index.php\/2014\/05\/19\/protesta-de-los-profesionales-del-hospital-moyano-2\/","title":{"rendered":"Protesta de los profesionales del Hospital Moyano"},"content":{"rendered":"<p><span style=\"line-height: 1.3em;\">M\u00e1s de un centenar de profesionales del Hospital Moyano protest\u00f3 hoy ante la jefatura de gobierno porte\u00f1o contra las persecuciones (adjunto foto). Los acompa\u00f1\u00f3 el diputado Alejandro Bodart (MST), quien afirm\u00f3: \u201cMauricio Macri intervino el Hospital a trav\u00e9s de su Ministerio de Modernizaci\u00f3n con el \u00fanico objetivo de perseguir a los trabajadores que resisten su plan de ajuste a la salud p\u00fablica.\u201d<\/span><\/p>\n<p>Luego, en la conferencia de prensa de los profesionales en la Legislatura, Bodart agreg\u00f3: \u201cHoy present\u00e9 junto a otros diputados opositores un proyecto de declaraci\u00f3n en rechazo a las amenazas por supuestas faltas injustificadas. Mientras el Moyano funciona con el esfuerzo de los trabajadores, el \u00fanico ausente cada vez que en la Ciudad pasa algo grave es Macri.\u201d<\/p>\n<p>De dicha conferencia participaron el psic\u00f3logo Mariano Veiga, el m\u00e9dico Carlos Paz y las trabajadoras sociales Lorena Avellaneda y Cristina Varela, as\u00ed como los diputados Alejandro Bodart, Gabriela Alegre, Gustavo Vera, Mar\u00eda Rachid y Marcelo Ramal, y en representaci\u00f3n de la Defensor\u00eda del Pueblo Mar\u00eda Elena Naddeo.<\/p>\n","protected":false},"excerpt":{"rendered":"<p>M\u00e1s de un centenar de profesionales del Hospital Moyano protest\u00f3 hoy ante la jefatura de gobierno porte\u00f1o contra las persecuciones (adjunto foto). Los acompa\u00f1\u00f3 el diputado Alejandro Bodart (MST), quien afirm\u00f3: \u201cMauricio Macri intervino el Hospital a trav\u00e9s de su Ministerio de Modernizaci\u00f3n con el \u00fanico objetivo de perseguir a los trabajadores que resisten su [&hellip;]<\/p>\n","protected":false},"author":2,"featured_media":23334,"comment_status":"open","ping_status":"open","sticky":false,"template":"","format":"standard","meta":{"_et_pb_use_builder":"","_et_pb_old_content":"","_et_gb_content_width":"","footnotes":""},"categories":[11,44],"tags":[],"class_list":["post-26108","post","type-post","status-publish","format-standard","has-post-thumbnail","hentry","category-ciudad","category-funcionarios-de-la-caba"],"_links":{"self":[{"href":"https:\/\/vocesdebaires.com.ar\/index.php\/wp-json\/wp\/v2\/posts\/26108"}],"collection":[{"href":"https:\/\/vocesdebaires.com.ar\/index.php\/wp-json\/wp\/v2\/posts"}],"about":[{"href":"https:\/\/vocesdebaires.com.ar\/index.php\/wp-json\/wp\/v2\/types\/post"}],"author":[{"embeddable":true,"href":"https:\/\/vocesdebaires.com.ar\/index.php\/wp-json\/wp\/v2\/users\/2"}],"replies":[{"embeddable":true,"href":"https:\/\/vocesdebaires.com.ar\/index.php\/wp-json\/wp\/v2\/comments?post=26108"}],"version-history":[{"count":0,"href":"https:\/\/vocesdebaires.com.ar\/index.php\/wp-json\/wp\/v2\/posts\/26108\/revisions"}],"wp:featuredmedia":[{"embeddable":true,"href":"https:\/\/vocesdebaires.com.ar\/index.php\/wp-json\/wp\/v2\/media\/23334"}],"wp:attachment":[{"href":"https:\/\/vocesdebaires.com.ar\/index.php\/wp-json\/wp\/v2\/media?parent=26108"}],"wp:term":[{"taxonomy":"category","embeddable":true,"href":"https:\/\/vocesdebaires.com.ar\/index.php\/wp-json\/wp\/v2\/categories?post=26108"},{"taxonomy":"post_tag","embeddable":true,"href":"https:\/\/vocesdebaires.com.ar\/index.php\/wp-json\/wp\/v2\/tags?post=26108"}],"curies":[{"name":"wp","href":"https:\/\/api.w.org\/{rel}","templated":true}]}}