{"id":26117,"date":"2014-05-20T20:09:50","date_gmt":"2014-05-20T23:09:50","guid":{"rendered":"http:\/\/vocesdebaires.com.ar\/wordpress\/index.php\/2014\/05\/20\/legislatura-acuerdo-de-cooperacion-con-la-duma-de-moscu-2\/"},"modified":"2014-05-20T20:09:50","modified_gmt":"2014-05-20T23:09:50","slug":"legislatura-acuerdo-de-cooperacion-con-la-duma-de-moscu-2","status":"publish","type":"post","link":"https:\/\/vocesdebaires.com.ar\/index.php\/2014\/05\/20\/legislatura-acuerdo-de-cooperacion-con-la-duma-de-moscu-2\/","title":{"rendered":"Legislatura :Acuerdo de Cooperaci\u00f3n con la Duma de Mosc\u00fa"},"content":{"rendered":"<p><span style=\"line-height: 1.3em;\">El Vicepresidente 1\u00ba Cristian Ritondo, ratific\u00f3 este martes, el cumplimiento del acuerdo de Cooperaci\u00f3n y Relaciones entre la Legislatura de la Ciudad de Buenos Aires y la Duma Municipal de Mosc\u00fa.<\/span><span style=\"line-height: 1.3em;\">La delegaci\u00f3n oficial integrada por los diputados del PRO, Francisco Quintana, Alejandro Garc\u00eda, Enzo Pagani y Anibal Ibarra (Frente Progresista Popular), se reunieron con el Presidente de la Duma de Mosc\u00fa, Vladimir Platonov y participaron de las Sesi\u00f3n de la Legislatura local. M\u00e1s tarde visitaron el Kremlin ruso, un conjunto de edificios civiles y religiosos situado en el coraz\u00f3n de Mosc\u00fa, frente al r\u00edo Moscova en el sur, la Plaza Roja en el este y el Jard\u00edn de Alejandro en el oeste.<\/span><\/p>\n<p><span style=\"line-height: 1.3em;\">\u00abQueremos consolidar lazos de reciprocidad y fortalecimiento institucional. Con este acuerdo pretendemos fundar v\u00ednculos de cooperaci\u00f3n permanente e intercambios en medio ambiente, educaci\u00f3n, ciencia, cultura y turismo\u00bb, dijo Ritondo. Adem\u00e1s, se refiri\u00f3 a Rusia y a Mosc\u00fa en particular \u00abcomo un pueblo que desde estas tierras lejanas se lo ve en un camino de constante crecimiento, de inserci\u00f3n en un mundo cada vez m\u00e1s complejo y tallado sobre la arcilla de la incertidumbre\u00bb.<\/span><\/p>\n<p><span style=\"line-height: 1.3em;\">Ritondo record\u00f3 la visita que en noviembre del 2012 efectuara a esta Legislatura el Presidente de la Duma Municipal de Mosc\u00fa, Vladimir Mij\u00e1ilovich Platonov, con quien firm\u00f3 un convenio de cooperaci\u00f3n que hoy fue ratificado. Reconoci\u00f3 en Platanov \u00a0destac\u00f3 su \u00abhumildad y dedicaci\u00f3n, que de aprendiz de electricista lleg\u00f3 a ser autoridad del Parlamento de Mosc\u00fa.\u00bb Tambi\u00e9n aludi\u00f3 a la visita concretada en marzo de 2013 por la delegaci\u00f3n de San Petersburgo que encabez\u00f3 el Vicegobernador Oleg A. Harkov.<\/span><\/p>\n<p><span style=\"line-height: 1.3em;\">La visita protocolar de retribuci\u00f3n, fue organizada por la Subsecretar\u00eda de Fortalecimiento e Intercambio Institucional de la Legislatura encabezada por Pablo Garzonio. En el 2012 se firm\u00f3 un acuerdo de cooperaci\u00f3n entre la Duma Municipal de Mosc\u00fa y la Legislatura de la Ciudad Aut\u00f3noma de Buenos Aires, \u00a0con fin de consolidar los lazos de reciprocidad y fortalecimiento institucional que ambas ciudades. En este sentido, busca fundar v\u00ednculos de cooperaci\u00f3n permanente e intercambio en materia de fortalecimiento legislativo, medio ambiente, educaci\u00f3n, ciencia, cultura, turismo, entre otros.<\/span><\/p>\n<p><span style=\"line-height: 1.3em;\">Ritondo manifest\u00f3 finalmente su aspiraci\u00f3n a que \u00abBuenos Aires se enriquezca con la cultura y las modalidades de gesti\u00f3n de otras capitales del mundo como es Mosc\u00fa\u00bb. Adem\u00e1s, no descart\u00f3 la firma de otros convenios para conformar agendas comunes con vistas a trabajar en conjunto con otras ciudades de Rusia, \u00abporque queremos trabajar, conocernos, y compartir nuestra experiencia parlamentaria con todos los parlamentos del mundo\u00bb. <\/span><\/p>\n","protected":false},"excerpt":{"rendered":"<p>El Vicepresidente 1\u00ba Cristian Ritondo, ratific\u00f3 este martes, el cumplimiento del acuerdo de Cooperaci\u00f3n y Relaciones entre la Legislatura de la Ciudad de Buenos Aires y la Duma Municipal de Mosc\u00fa.La delegaci\u00f3n oficial integrada por los diputados del PRO, Francisco Quintana, Alejandro Garc\u00eda, Enzo Pagani y Anibal Ibarra (Frente Progresista Popular), se reunieron con el [&hellip;]<\/p>\n","protected":false},"author":2,"featured_media":23352,"comment_status":"open","ping_status":"open","sticky":false,"template":"","format":"standard","meta":{"_et_pb_use_builder":"","_et_pb_old_content":"","_et_gb_content_width":"","footnotes":""},"categories":[11,44],"tags":[],"class_list":["post-26117","post","type-post","status-publish","format-standard","has-post-thumbnail","hentry","category-ciudad","category-funcionarios-de-la-caba"],"_links":{"self":[{"href":"https:\/\/vocesdebaires.com.ar\/index.php\/wp-json\/wp\/v2\/posts\/26117"}],"collection":[{"href":"https:\/\/vocesdebaires.com.ar\/index.php\/wp-json\/wp\/v2\/posts"}],"about":[{"href":"https:\/\/vocesdebaires.com.ar\/index.php\/wp-json\/wp\/v2\/types\/post"}],"author":[{"embeddable":true,"href":"https:\/\/vocesdebaires.com.ar\/index.php\/wp-json\/wp\/v2\/users\/2"}],"replies":[{"embeddable":true,"href":"https:\/\/vocesdebaires.com.ar\/index.php\/wp-json\/wp\/v2\/comments?post=26117"}],"version-history":[{"count":0,"href":"https:\/\/vocesdebaires.com.ar\/index.php\/wp-json\/wp\/v2\/posts\/26117\/revisions"}],"wp:featuredmedia":[{"embeddable":true,"href":"https:\/\/vocesdebaires.com.ar\/index.php\/wp-json\/wp\/v2\/media\/23352"}],"wp:attachment":[{"href":"https:\/\/vocesdebaires.com.ar\/index.php\/wp-json\/wp\/v2\/media?parent=26117"}],"wp:term":[{"taxonomy":"category","embeddable":true,"href":"https:\/\/vocesdebaires.com.ar\/index.php\/wp-json\/wp\/v2\/categories?post=26117"},{"taxonomy":"post_tag","embeddable":true,"href":"https:\/\/vocesdebaires.com.ar\/index.php\/wp-json\/wp\/v2\/tags?post=26117"}],"curies":[{"name":"wp","href":"https:\/\/api.w.org\/{rel}","templated":true}]}}