{"id":26119,"date":"2014-05-21T13:25:51","date_gmt":"2014-05-21T16:25:51","guid":{"rendered":"http:\/\/vocesdebaires.com.ar\/wordpress\/index.php\/2014\/05\/21\/jornada-sobre-presupuesto-participativo-2\/"},"modified":"2014-05-21T13:25:51","modified_gmt":"2014-05-21T16:25:51","slug":"jornada-sobre-presupuesto-participativo-2","status":"publish","type":"post","link":"https:\/\/vocesdebaires.com.ar\/index.php\/2014\/05\/21\/jornada-sobre-presupuesto-participativo-2\/","title":{"rendered":"Jornada sobre Presupuesto Participativo"},"content":{"rendered":"<p><span style=\"line-height: 1.3em;\">Una jornada en la que se compartieron experiencias y se debati\u00f3 sobre Presupuesto Participativo se llev\u00f3 a cabo ayer \u00a0martes en la Legislatura de la Ciudad de Buenos Aires con la asistencia de representantes de los poderes ejecutivos donde se implementa el sistema y legisladores porte\u00f1os en presencia de numerosos miembros de juntas comunales.<\/span><span style=\"line-height: 1.3em;\">Entre los conceptos vertidos en la apertura la presidenta de la Comisi\u00f3n de Descentralizaci\u00f3n y Participaci\u00f3n Ciudadana, diputada Mar\u00eda Rosa Mui\u00f1os (FpV), destac\u00f3 que \u00abno se trata de un camino m\u00e1s de participaci\u00f3n, ya que es fundamental por tratarse de la decisi\u00f3n ciudadana sobre los ingresos y gastos del estado\u00bb.<\/span><\/p>\n<p><span style=\"line-height: 1.3em;\">A continuaci\u00f3n, el secretario de relaciones parlamentarias de la Jefatura de Gabinete de Ministros de la Presidencia de la Naci\u00f3n, el socialista Dr. Oscar Gonz\u00e1lez -quien coordina, junto a la secretaria de Municipios del Ministerio del Interior, la Red Argentina de Presupuesto Participativo- afirm\u00f3 que \u00abestamos ante una pol\u00edtica p\u00fablica confiable, no azarosa, no descontextualizada\u00bb.<\/span><span style=\"line-height: 1.3em;\">A las experiencias que se est\u00e1n implementando aludieron el responsable del Programa Nacional de Presupuesto Participativo, Lic. Pablo Caruso; en representaci\u00f3n de la Intendencia de Avellaneda &#8211; provincia de Buenos Aires; el presidente del Consejo de Participaci\u00f3n Democr\u00e1tica, Hern\u00e1n Fern\u00e1ndez y May\u00e1n; el Intendente Municipal de Mor\u00f3n, Lucas Ghi; y el coordinador de Participaci\u00f3n Ciudadana y Desarrollo Territorial a cargo del Programa de Presupuesto Participativo de Santo Tom\u00e9 &#8211; provincia de Santa Fe, Luis Mart\u00ednez, con la coordinaci\u00f3n de Ondina Fraga, miembro de la Junta Comunal 6 &#8211; Caballito.<\/span><\/p>\n<p><span style=\"line-height: 1.3em;\">Los proyectos para la Ciudad de Buenos Aires fueron explicados en un segundo panel abierto por la diputada Paula Penaca (FpV), integrante de la Comisi\u00f3n de Descentralizaci\u00f3n y Participaci\u00f3n Ciudadana quien festej\u00f3 la iniciativa e inst\u00f3 a idear normas. Luego la diputada Paula Oliveto Lago (CC) present\u00f3 el proyecto de Sistema de Presupuesto participativo de las Juntas Comunales para la Ciudad de Buenos Aires, el legislador Jos\u00e9 Cruz Campagnoli (NE) y el diputado Gabriel Marcelo Fux (FpV), todos miembros de la comisi\u00f3n parlamentaria coordinados por Camila Rodr\u00edguez (Comuna 15).<\/span><\/p>\n<p><span style=\"line-height: 1.3em;\">Asistieron tambi\u00e9n a la jornada que tuvo lugar en el Sal\u00f3n \u00abPresidente Per\u00f3n\u00bb de la Legislatura de la Ciudad Aut\u00f3noma de Buenos Aires, los diputados\/as Pablo Bergel (VA), Edgardo Form (NE), Gabriela Alegre, Claudia Neira (FpV), Mar\u00eda Gorbea (SUMA+) y Victoria Rold\u00e1n M\u00e9ndez (PRO). En tanto la diputada Susana Rinaldi (FPP) que no pudo estar presente, envi\u00f3 una carta.<\/span><span style=\"line-height: 1.3em;\">Como se recordar\u00e1, las primeras experiencias de presupuesto participativo en la Rep\u00fablica Argentina surgieron tras la crisis de 2001-2002, en la mayor\u00eda de los casos como respuesta a las necesidades de religitimaci\u00f3n de las autoridades pol\u00edticas y de reequilibrar el abismo econ\u00f3mico-social entre ciudadanos\/as mediante dispositivos m\u00e1s justos de redistribuci\u00f3n de los recursos a nivel local.<\/span><\/p>\n<p><span style=\"line-height: 1.3em;\">Durante la jornada los expositores coincidieron en que los municipios y las comunas en el caso de la Ciudad de Buenos Aires, por su inmediatez con los vecinos son el \u00e1mbito donde las pol\u00edticas p\u00fablicas tienen un impacto m\u00e1s directo sobre la vida de las personas por lo que resulta fundamental apoyar la implementaci\u00f3n del Presupuesto Participativo -PP- como mecanismo de participaci\u00f3n ciudadana directa en las decisiones de pol\u00edticas p\u00fablicas. El PP abre las puertas a un proceso de cogesti\u00f3n de los asuntos p\u00fablicos entre el gobierno y la sociedad contribuyendo, as\u00ed, a la profundizaci\u00f3n de la democracia en el espacio local.<\/span><\/p>\n<p><span style=\"line-height: 1.3em;\">Foto 1 &#8211; De izq. a der.: Hern\u00e1n Fern\u00e1ndez y May\u00e1n, Lucas Ghi, Mar\u00eda Rosa Mui\u00f1os (FpV), Oscar Gonz\u00e1lez, Pablo Caruso, Luis Mart\u00ednez y Ondina Fraga (Junta Comunal 6).<\/span><\/p>\n","protected":false},"excerpt":{"rendered":"<p>Una jornada en la que se compartieron experiencias y se debati\u00f3 sobre Presupuesto Participativo se llev\u00f3 a cabo ayer \u00a0martes en la Legislatura de la Ciudad de Buenos Aires con la asistencia de representantes de los poderes ejecutivos donde se implementa el sistema y legisladores porte\u00f1os en presencia de numerosos miembros de juntas comunales.Entre los [&hellip;]<\/p>\n","protected":false},"author":2,"featured_media":23356,"comment_status":"open","ping_status":"open","sticky":false,"template":"","format":"standard","meta":{"_et_pb_use_builder":"","_et_pb_old_content":"","_et_gb_content_width":"","footnotes":""},"categories":[11,44],"tags":[],"class_list":["post-26119","post","type-post","status-publish","format-standard","has-post-thumbnail","hentry","category-ciudad","category-funcionarios-de-la-caba"],"_links":{"self":[{"href":"https:\/\/vocesdebaires.com.ar\/index.php\/wp-json\/wp\/v2\/posts\/26119"}],"collection":[{"href":"https:\/\/vocesdebaires.com.ar\/index.php\/wp-json\/wp\/v2\/posts"}],"about":[{"href":"https:\/\/vocesdebaires.com.ar\/index.php\/wp-json\/wp\/v2\/types\/post"}],"author":[{"embeddable":true,"href":"https:\/\/vocesdebaires.com.ar\/index.php\/wp-json\/wp\/v2\/users\/2"}],"replies":[{"embeddable":true,"href":"https:\/\/vocesdebaires.com.ar\/index.php\/wp-json\/wp\/v2\/comments?post=26119"}],"version-history":[{"count":0,"href":"https:\/\/vocesdebaires.com.ar\/index.php\/wp-json\/wp\/v2\/posts\/26119\/revisions"}],"wp:featuredmedia":[{"embeddable":true,"href":"https:\/\/vocesdebaires.com.ar\/index.php\/wp-json\/wp\/v2\/media\/23356"}],"wp:attachment":[{"href":"https:\/\/vocesdebaires.com.ar\/index.php\/wp-json\/wp\/v2\/media?parent=26119"}],"wp:term":[{"taxonomy":"category","embeddable":true,"href":"https:\/\/vocesdebaires.com.ar\/index.php\/wp-json\/wp\/v2\/categories?post=26119"},{"taxonomy":"post_tag","embeddable":true,"href":"https:\/\/vocesdebaires.com.ar\/index.php\/wp-json\/wp\/v2\/tags?post=26119"}],"curies":[{"name":"wp","href":"https:\/\/api.w.org\/{rel}","templated":true}]}}