{"id":2613,"date":"2020-10-16T03:03:38","date_gmt":"2020-10-16T06:03:38","guid":{"rendered":"http:\/\/vocesdebaires.com.ar\/wordpress\/index.php\/2020\/10\/16\/monumentos-iluminados-contra-el-cancer-de-mama\/"},"modified":"2020-10-16T03:03:38","modified_gmt":"2020-10-16T06:03:38","slug":"monumentos-iluminados-contra-el-cancer-de-mama","status":"publish","type":"post","link":"https:\/\/vocesdebaires.com.ar\/index.php\/2020\/10\/16\/monumentos-iluminados-contra-el-cancer-de-mama\/","title":{"rendered":"Monumentos iluminados contra el c\u00e1ncer de mama"},"content":{"rendered":"<p>El Ministerio de Espacio P\u00fablico e Higiene Urbana de la Ciudad, se suma a la campa\u00f1a de lucha contra el c\u00e1ncer de mama e iluminar\u00e1 de rosa monumentos y fachadas de edificios emblem\u00e1ticos hasta el 21 de octubre.\u00a0 Si bien el D\u00eda Mundial de la Lucha contra el C\u00e1ncer de Mama se conmemora cada 19 de octubre, por pedido de Fundaci\u00f3n Est\u00e9e Lauder Argentina y de la Fundaci\u00f3n Lalcec (Liga Argentina de Lucha contra el C\u00e1ncer), se decidi\u00f3 extender la iluminaci\u00f3n durante toda la semana.<\/p>\n<p>Al respecto, el Lic. Diego Paonessa, director general de LALCEC, afirm\u00f3: \u201cCelebramos que seamos muchos los que contribuimos a poner en agenda un tema tan importante como el c\u00e1ncer de mama, e invitamos a que la comunidad tome verdadera conciencia de que hoy es una enfermedad que, detectada y tratada en forma temprana, ofrece un nivel de curaci\u00f3n en m\u00e1s de 9 de cada 10 pacientes\u00bb. Los monumentos que se ver\u00e1n iluminados son: el Planetario, el Puente de la mujer, la Usina del Arte, la Floralis, el Palacio Lezama, el Monumento a los Espa\u00f1oles, el Monumento Plaza Congreso y la Torre Monumental.<\/p>\n","protected":false},"excerpt":{"rendered":"<p>El Ministerio de Espacio P\u00fablico e Higiene Urbana de la Ciudad, se suma a la campa\u00f1a de lucha contra el c\u00e1ncer de mama e iluminar\u00e1 de rosa monumentos y fachadas de edificios emblem\u00e1ticos hasta el 21 de octubre.\u00a0 Si bien el D\u00eda Mundial de la Lucha contra el C\u00e1ncer de Mama se conmemora cada 19 [&hellip;]<\/p>\n","protected":false},"author":1,"featured_media":2614,"comment_status":"open","ping_status":"open","sticky":false,"template":"","format":"standard","meta":{"_et_pb_use_builder":"","_et_pb_old_content":"","_et_gb_content_width":"","footnotes":""},"categories":[11,32],"tags":[],"class_list":["post-2613","post","type-post","status-publish","format-standard","has-post-thumbnail","hentry","category-ciudad","category-comunas"],"_links":{"self":[{"href":"https:\/\/vocesdebaires.com.ar\/index.php\/wp-json\/wp\/v2\/posts\/2613"}],"collection":[{"href":"https:\/\/vocesdebaires.com.ar\/index.php\/wp-json\/wp\/v2\/posts"}],"about":[{"href":"https:\/\/vocesdebaires.com.ar\/index.php\/wp-json\/wp\/v2\/types\/post"}],"author":[{"embeddable":true,"href":"https:\/\/vocesdebaires.com.ar\/index.php\/wp-json\/wp\/v2\/users\/1"}],"replies":[{"embeddable":true,"href":"https:\/\/vocesdebaires.com.ar\/index.php\/wp-json\/wp\/v2\/comments?post=2613"}],"version-history":[{"count":0,"href":"https:\/\/vocesdebaires.com.ar\/index.php\/wp-json\/wp\/v2\/posts\/2613\/revisions"}],"wp:featuredmedia":[{"embeddable":true,"href":"https:\/\/vocesdebaires.com.ar\/index.php\/wp-json\/wp\/v2\/media\/2614"}],"wp:attachment":[{"href":"https:\/\/vocesdebaires.com.ar\/index.php\/wp-json\/wp\/v2\/media?parent=2613"}],"wp:term":[{"taxonomy":"category","embeddable":true,"href":"https:\/\/vocesdebaires.com.ar\/index.php\/wp-json\/wp\/v2\/categories?post=2613"},{"taxonomy":"post_tag","embeddable":true,"href":"https:\/\/vocesdebaires.com.ar\/index.php\/wp-json\/wp\/v2\/tags?post=2613"}],"curies":[{"name":"wp","href":"https:\/\/api.w.org\/{rel}","templated":true}]}}