{"id":26130,"date":"2014-05-22T20:26:51","date_gmt":"2014-05-22T23:26:51","guid":{"rendered":"http:\/\/vocesdebaires.com.ar\/wordpress\/index.php\/2014\/05\/22\/aprueban-normas-para-cumplir-con-la-ley-de-basura-cero-2\/"},"modified":"2014-05-22T20:26:51","modified_gmt":"2014-05-22T23:26:51","slug":"aprueban-normas-para-cumplir-con-la-ley-de-basura-cero-2","status":"publish","type":"post","link":"https:\/\/vocesdebaires.com.ar\/index.php\/2014\/05\/22\/aprueban-normas-para-cumplir-con-la-ley-de-basura-cero-2\/","title":{"rendered":"Aprueban normas para cumplir con la Ley de Basura Cero"},"content":{"rendered":"<p><span style=\"line-height: 1.3em;\">Recibi\u00f3 sanci\u00f3n definitiva la ley que tiene por objeto la creaci\u00f3n e incorporaci\u00f3n de la figura \u00abHigiene Urbana\u00bb dentro de los c\u00f3digos de Planeamiento Urbano y de Edificaci\u00f3n de la Ciudad de Buenos Aires. La figura incluye por primera vez las prescripciones para el desarrollo de la gesti\u00f3n integral de los Residuos S\u00f3lidos Urbanos (RSU) en 15 predios.<\/span><\/p>\n<p>A fin de dar cumplimiento a la Ley \u00abBasura Cero\u00bb (Ley N\u00ba 1854) y sus modificatorias, se deber\u00e1 disponer en el \u00e1mbito de la C.A.B.A. de distintos establecimientos para el tratamiento de RSU: Planta de Tratamiento de RSU, Planta de Transferencia de RSU, Planta de transferencia de RSU Secos Clasificados, Punto Limpio, Centro de selecci\u00f3n de residuos s\u00f3lidos urbanos secos &#8211; Centro Verde, Base primaria de recolecci\u00f3n de RSU y Base secundaria de recolecci\u00f3n de RSU. De este modo se actualiz\u00f3 el C\u00f3digo de Planeamiento Urbano que data del a\u00f1o 1977 y el c\u00f3digo de Edificaci\u00f3n que tiene m\u00e1s de 50 a\u00f1os de vigencia.<\/p>\n<p>En los fundamentos se expresa que \u00abla creaci\u00f3n de un nuevo Rubro en el C\u00f3digo vigente en materia de Higiene Urbana para todo el \u00e1rea de la Ciudad se vuelve irrebatible, en tanto la generaci\u00f3n de residuos no es problem\u00e1tica de un sector, clase social, geograf\u00eda en particular, sino que abarca a todos los actores sociales existentes y cada uno de ellos debe poder prever una estructura ambientalmente adecuada de gesti\u00f3n de los residuos, no s\u00f3lo a nivel proyectual y sist\u00e9mico sino por sobre todo a nivel territorial para que las anteriores se vuelvan factibles de conquistar\u00bb.<\/p>\n<p><span style=\"line-height: 1.3em;\">Adem\u00e1s, se\u00f1alan que se considera \u00abnecesario que los Centros Verdes, Puntos Limpios, Plantas de Tratamiento, Plantas de Transferencia, Bases de Recolecci\u00f3n, posean su propia legislaci\u00f3n de manera independiente a la Zonificaci\u00f3n en la que se ubiquen, a fin de regularizar su situaci\u00f3n a nivel de planificaci\u00f3n urbana y edilicia. La normativa apunta a permitir un uso m\u00e1s extensivo del territorio disponible a fin que la gesti\u00f3n de los residuos, en lo que respecta a la separaci\u00f3n, recolecci\u00f3n, revalorizaci\u00f3n, transferencia, tratamiento y disposici\u00f3n, pueda potenciar su desarrollo y equipamiento, en pos del ambiente y sobre todo la comunidad, tanto a nivel presente como futuro\u00bb.<\/span><span style=\"line-height: 1.3em;\">El proyecto de los diputados Cristian Ritondo y Karina Spalla (PRO) despachado por las comisiones de Planeamiento Urbano y Obras y Servicos P\u00fablicos que requer\u00eda 31 votos, fue aprobado en segunda lectura con 46 positivos de los bloques PRO, FpV, CP, NE, FPP, PJ y 12 abstenciones de Suma +, CC, PSur, VA y FIT.<\/span><\/p>\n<p><span style=\"line-height: 1.3em;\">Postura de los legisladores<\/span><\/p>\n<p>El diputado Pablo Bergel (VA) expres\u00f3 que \u00ablas afectaciones de los predios no tuvieron en cuenta las opiniones de las Comunas\u00bb y que \u00ablas plantas de tratamiento no generan una reducci\u00f3n significativa de residuos\u00bb. Por su parte, Juan Nosiglia (Suma +) sostuvo: \u00abEntendemos la importancia de ordenar los residuos y profundizar la tarea de reciclaje. Estamos de acuerdo con la creaci\u00f3n de la figura Higiene Urbana, pero deber\u00eda haberse tratado en la comisi\u00f3n de Ambiente\u00bb. Adem\u00e1s cuestion\u00f3 que \u00abel Ejecutivo pueda gestar contratos de hasta 30 a\u00f1os\u00bb. En tanto, la diputada Paula Penacca (FpV) se mostr\u00f3 a favor de la iniciativa y dijo que \u00ablas plantas de tratamiento deber\u00edan ser prioridad. La instalaci\u00f3n de estos centros estar\u00edan aportando para que la recolecci\u00f3n diferenciada tenga un destino cierto. Esta ley es importante para generar conciencia y cumplir la Ley de Basura Cero\u00bb y a la vez pidi\u00f3 \u00abque se tenga en cuenta a los recuperadores urbanos\u00bb.<\/p>\n<p>En tanto, una de las autoras de la iniciativa, Karina Spalla (PRO) afirm\u00f3 que \u00abeste proyecto es muy significativo y permite un gran avance para la ciudad en materia de recolecci\u00f3n. Esta ley va a complementar la pol\u00edtica de separaci\u00f3n. Por primera vez la ciudad pone 15 predios distribuidos entre el norte y el sur, a disposici\u00f3n para llevar adelante el tratamiento de los residuos\u00bb.<\/p>\n","protected":false},"excerpt":{"rendered":"<p>Recibi\u00f3 sanci\u00f3n definitiva la ley que tiene por objeto la creaci\u00f3n e incorporaci\u00f3n de la figura \u00abHigiene Urbana\u00bb dentro de los c\u00f3digos de Planeamiento Urbano y de Edificaci\u00f3n de la Ciudad de Buenos Aires. La figura incluye por primera vez las prescripciones para el desarrollo de la gesti\u00f3n integral de los Residuos S\u00f3lidos Urbanos (RSU) [&hellip;]<\/p>\n","protected":false},"author":2,"featured_media":23376,"comment_status":"open","ping_status":"open","sticky":false,"template":"","format":"standard","meta":{"_et_pb_use_builder":"","_et_pb_old_content":"","_et_gb_content_width":"","footnotes":""},"categories":[11,44],"tags":[],"class_list":["post-26130","post","type-post","status-publish","format-standard","has-post-thumbnail","hentry","category-ciudad","category-funcionarios-de-la-caba"],"_links":{"self":[{"href":"https:\/\/vocesdebaires.com.ar\/index.php\/wp-json\/wp\/v2\/posts\/26130"}],"collection":[{"href":"https:\/\/vocesdebaires.com.ar\/index.php\/wp-json\/wp\/v2\/posts"}],"about":[{"href":"https:\/\/vocesdebaires.com.ar\/index.php\/wp-json\/wp\/v2\/types\/post"}],"author":[{"embeddable":true,"href":"https:\/\/vocesdebaires.com.ar\/index.php\/wp-json\/wp\/v2\/users\/2"}],"replies":[{"embeddable":true,"href":"https:\/\/vocesdebaires.com.ar\/index.php\/wp-json\/wp\/v2\/comments?post=26130"}],"version-history":[{"count":0,"href":"https:\/\/vocesdebaires.com.ar\/index.php\/wp-json\/wp\/v2\/posts\/26130\/revisions"}],"wp:featuredmedia":[{"embeddable":true,"href":"https:\/\/vocesdebaires.com.ar\/index.php\/wp-json\/wp\/v2\/media\/23376"}],"wp:attachment":[{"href":"https:\/\/vocesdebaires.com.ar\/index.php\/wp-json\/wp\/v2\/media?parent=26130"}],"wp:term":[{"taxonomy":"category","embeddable":true,"href":"https:\/\/vocesdebaires.com.ar\/index.php\/wp-json\/wp\/v2\/categories?post=26130"},{"taxonomy":"post_tag","embeddable":true,"href":"https:\/\/vocesdebaires.com.ar\/index.php\/wp-json\/wp\/v2\/tags?post=26130"}],"curies":[{"name":"wp","href":"https:\/\/api.w.org\/{rel}","templated":true}]}}