{"id":26137,"date":"2014-05-23T12:21:41","date_gmt":"2014-05-23T15:21:41","guid":{"rendered":"http:\/\/vocesdebaires.com.ar\/wordpress\/index.php\/2014\/05\/23\/protegen-inmuebles-de-valor-historico-en-floresta-2\/"},"modified":"2014-05-23T12:21:41","modified_gmt":"2014-05-23T15:21:41","slug":"protegen-inmuebles-de-valor-historico-en-floresta-2","status":"publish","type":"post","link":"https:\/\/vocesdebaires.com.ar\/index.php\/2014\/05\/23\/protegen-inmuebles-de-valor-historico-en-floresta-2\/","title":{"rendered":"Protegen inmuebles de valor hist\u00f3rico en Floresta"},"content":{"rendered":"<p><span style=\"line-height: 1.3em;\">Recibi\u00f3 sanci\u00f3n definitiva una ley que incorpora al listado de inmuebles catalogados como Distrito \u00c1rea de Protecci\u00f3n Hist\u00f3rica (APH) del barrio de Floresta a una serie de inmuebles que por su valor ser\u00e1n preservados.<\/span><\/p>\n<p>Se trata de edificaciones, algunas de las cuales hacen referencia a la vida a comienzos del siglo XX. Se encuentran ubicadas en: Bogot\u00e1 3900, Mercedes 288, Bacacay 3599\/3725\/3635\/3745\/3922, avenida Avellaneda 4098, San Nicol\u00e1s 159\/242, Bah\u00eda Blanca 116\/126\/132\/140\/160, Bogot\u00e1 3880\/3862, Gral. Venancio Flores 3925\/3915, Gualeguaych\u00fa 363, Mercedes 165 y Joaqu\u00edn V. Gonz\u00e1lez 252. La iniciativa es de autor\u00eda del diputado (mandato cumplido) Alejandro Amor, actual Defensor del Pueblo de la Ciudad.<\/p>\n<p><span style=\"line-height: 1.3em;\">\u00abFloresta tiene un clima t\u00edpicamente barrial que se ha perdido en muchas zonas de Buenos Aires y que aqu\u00ed se encuentra en peligro por el crecimiento del centro industrial y textil de la avenida Avellaneda, en muchos casos de dudosa legalidad, que se va extendiendo hacia la zona residencial demoliendo importantes residencias como la casona de Bacacay 3601 un hito para los vecinos\u00bb, sosten\u00edan los fundamentos del proyecto que propon\u00eda aumentar la preservaci\u00f3n de las principales caracter\u00edsticas del sector. La norma hab\u00eda sido aprobada inicialmente y tratada en la correspondiente audiencia p\u00fablica. La votaci\u00f3n, que requer\u00eda 31 votos m\u00ednimos, result\u00f3 con 47 afirmativos y la abstenci\u00f3n del diputado Marcelo Ramal (FIT).<\/span><\/p>\n","protected":false},"excerpt":{"rendered":"<p>Recibi\u00f3 sanci\u00f3n definitiva una ley que incorpora al listado de inmuebles catalogados como Distrito \u00c1rea de Protecci\u00f3n Hist\u00f3rica (APH) del barrio de Floresta a una serie de inmuebles que por su valor ser\u00e1n preservados. Se trata de edificaciones, algunas de las cuales hacen referencia a la vida a comienzos del siglo XX. Se encuentran ubicadas [&hellip;]<\/p>\n","protected":false},"author":2,"featured_media":23390,"comment_status":"open","ping_status":"open","sticky":false,"template":"","format":"standard","meta":{"_et_pb_use_builder":"","_et_pb_old_content":"","_et_gb_content_width":"","footnotes":""},"categories":[11,44],"tags":[],"class_list":["post-26137","post","type-post","status-publish","format-standard","has-post-thumbnail","hentry","category-ciudad","category-funcionarios-de-la-caba"],"_links":{"self":[{"href":"https:\/\/vocesdebaires.com.ar\/index.php\/wp-json\/wp\/v2\/posts\/26137"}],"collection":[{"href":"https:\/\/vocesdebaires.com.ar\/index.php\/wp-json\/wp\/v2\/posts"}],"about":[{"href":"https:\/\/vocesdebaires.com.ar\/index.php\/wp-json\/wp\/v2\/types\/post"}],"author":[{"embeddable":true,"href":"https:\/\/vocesdebaires.com.ar\/index.php\/wp-json\/wp\/v2\/users\/2"}],"replies":[{"embeddable":true,"href":"https:\/\/vocesdebaires.com.ar\/index.php\/wp-json\/wp\/v2\/comments?post=26137"}],"version-history":[{"count":0,"href":"https:\/\/vocesdebaires.com.ar\/index.php\/wp-json\/wp\/v2\/posts\/26137\/revisions"}],"wp:featuredmedia":[{"embeddable":true,"href":"https:\/\/vocesdebaires.com.ar\/index.php\/wp-json\/wp\/v2\/media\/23390"}],"wp:attachment":[{"href":"https:\/\/vocesdebaires.com.ar\/index.php\/wp-json\/wp\/v2\/media?parent=26137"}],"wp:term":[{"taxonomy":"category","embeddable":true,"href":"https:\/\/vocesdebaires.com.ar\/index.php\/wp-json\/wp\/v2\/categories?post=26137"},{"taxonomy":"post_tag","embeddable":true,"href":"https:\/\/vocesdebaires.com.ar\/index.php\/wp-json\/wp\/v2\/tags?post=26137"}],"curies":[{"name":"wp","href":"https:\/\/api.w.org\/{rel}","templated":true}]}}