{"id":26141,"date":"2014-05-23T13:11:37","date_gmt":"2014-05-23T16:11:37","guid":{"rendered":"http:\/\/vocesdebaires.com.ar\/wordpress\/index.php\/2014\/05\/23\/macri-asistio-de-la-apertura-de-arteba-2\/"},"modified":"2014-05-23T13:11:37","modified_gmt":"2014-05-23T16:11:37","slug":"macri-asistio-de-la-apertura-de-arteba-2","status":"publish","type":"post","link":"https:\/\/vocesdebaires.com.ar\/index.php\/2014\/05\/23\/macri-asistio-de-la-apertura-de-arteba-2\/","title":{"rendered":"Macri asisti\u00f3 de la apertura de ArteBA"},"content":{"rendered":"<p><span style=\"line-height: 1.3em;\">El jefe de Gobierno porte\u00f1o, Mauricio Macri, asisti\u00f3 \u00a0a la apertura de la tercera edici\u00f3n de ArteBA, que se desarrollar\u00e1 hasta el lunes pr\u00f3ximo en La Rural y se\u00f1al\u00f3 que esa muestra \u201ces una de las m\u00e1s importantes del arte contempor\u00e1neo, que hace foco en la producci\u00f3n art\u00edstica Latinoamericana\u201d.<\/span><\/p>\n<p>\u201cLa cultura tiene un poder transformador en la vida de todos y queremos que Buenos Aires sea una Ciudad donde cada vez m\u00e1s personas de todas partes puedan disfrutar de lo mejor de nuestras expresiones y propuestas\u201d, afirm\u00f3 Macri.<\/p>\n<p>Participan galer\u00edas de varios pa\u00edses que muestran la producci\u00f3n de m\u00e1s de 500 artistas de diversas partes del mundo.\u00a0<span style=\"line-height: 1.3em;\"> Asistieron tambi\u00e9n a la apertura, el jefe de Gabinete porte\u00f1o, Horacio Rodr\u00edguez Larreta; el ministro de cultura de la Ciudad, Hern\u00e1n Lombardi, y funcionarios de la Naci\u00f3n y de la Provincia de Buenos Aires.<\/span><\/p>\n","protected":false},"excerpt":{"rendered":"<p>El jefe de Gobierno porte\u00f1o, Mauricio Macri, asisti\u00f3 \u00a0a la apertura de la tercera edici\u00f3n de ArteBA, que se desarrollar\u00e1 hasta el lunes pr\u00f3ximo en La Rural y se\u00f1al\u00f3 que esa muestra \u201ces una de las m\u00e1s importantes del arte contempor\u00e1neo, que hace foco en la producci\u00f3n art\u00edstica Latinoamericana\u201d. \u201cLa cultura tiene un poder transformador [&hellip;]<\/p>\n","protected":false},"author":2,"featured_media":23398,"comment_status":"open","ping_status":"open","sticky":false,"template":"","format":"standard","meta":{"_et_pb_use_builder":"","_et_pb_old_content":"","_et_gb_content_width":"","footnotes":""},"categories":[11,44],"tags":[],"class_list":["post-26141","post","type-post","status-publish","format-standard","has-post-thumbnail","hentry","category-ciudad","category-funcionarios-de-la-caba"],"_links":{"self":[{"href":"https:\/\/vocesdebaires.com.ar\/index.php\/wp-json\/wp\/v2\/posts\/26141"}],"collection":[{"href":"https:\/\/vocesdebaires.com.ar\/index.php\/wp-json\/wp\/v2\/posts"}],"about":[{"href":"https:\/\/vocesdebaires.com.ar\/index.php\/wp-json\/wp\/v2\/types\/post"}],"author":[{"embeddable":true,"href":"https:\/\/vocesdebaires.com.ar\/index.php\/wp-json\/wp\/v2\/users\/2"}],"replies":[{"embeddable":true,"href":"https:\/\/vocesdebaires.com.ar\/index.php\/wp-json\/wp\/v2\/comments?post=26141"}],"version-history":[{"count":0,"href":"https:\/\/vocesdebaires.com.ar\/index.php\/wp-json\/wp\/v2\/posts\/26141\/revisions"}],"wp:featuredmedia":[{"embeddable":true,"href":"https:\/\/vocesdebaires.com.ar\/index.php\/wp-json\/wp\/v2\/media\/23398"}],"wp:attachment":[{"href":"https:\/\/vocesdebaires.com.ar\/index.php\/wp-json\/wp\/v2\/media?parent=26141"}],"wp:term":[{"taxonomy":"category","embeddable":true,"href":"https:\/\/vocesdebaires.com.ar\/index.php\/wp-json\/wp\/v2\/categories?post=26141"},{"taxonomy":"post_tag","embeddable":true,"href":"https:\/\/vocesdebaires.com.ar\/index.php\/wp-json\/wp\/v2\/tags?post=26141"}],"curies":[{"name":"wp","href":"https:\/\/api.w.org\/{rel}","templated":true}]}}