{"id":26148,"date":"2014-05-26T13:33:36","date_gmt":"2014-05-26T16:33:36","guid":{"rendered":"http:\/\/vocesdebaires.com.ar\/wordpress\/index.php\/2014\/05\/26\/vidal-reconocio-que-la-gente-vive-preocupada-2\/"},"modified":"2014-05-26T13:33:36","modified_gmt":"2014-05-26T16:33:36","slug":"vidal-reconocio-que-la-gente-vive-preocupada-2","status":"publish","type":"post","link":"https:\/\/vocesdebaires.com.ar\/index.php\/2014\/05\/26\/vidal-reconocio-que-la-gente-vive-preocupada-2\/","title":{"rendered":"Vidal, reconoci\u00f3 que la gente \u201cvive preocupada\u201d"},"content":{"rendered":"<p><span style=\"line-height: 1.3em;\">La vicejefa del gobierno porte\u00f1o, Mar\u00eda Eugenia Vidal, reconoci\u00f3 este fin de semana ,que la gente \u201cvive preocupada\u201d por la situaci\u00f3n econ\u00f3mica y social, pero vaticin\u00f3 que \u201cEn 2015 viene algo distinto y hay una enorme posibilidad de estar mejor\u201d.<\/span><span style=\"line-height: 1.3em;\">\u201cLos argentinos podemos estar mucho mejor que ahora, con una cultura de di\u00e1logo, de buena administraci\u00f3n de los recursos, de trabajo en equipo y eso es lo que estamos construyendo desde el PRO\u201d, dijo Vidal en declaraciones a FM Blue.<\/span><\/p>\n<p><span style=\"line-height: 1.3em;\">Ante una consulta, Vidal coment\u00f3 que le \u201cparece bien que la Presidenta vaya al tedeum del 25 de mayo\u201d y record\u00f3 que el Gobierno de la Ciudad nunca dej\u00f3 a asistir a esa misa de acci\u00f3n de gracias por el d\u00eda de la Patria. \u201cLa Argentina necesita de di\u00e1logo y de una actitud m\u00e1s humilde para saber escuchar\u201d, apunt\u00f3 al respecto.<\/span><\/p>\n<p><span style=\"line-height: 1.3em;\">Sobre la mejor relaci\u00f3n entre los gobiernos nacional y porte\u00f1o, Vidal \u00a0dijo que \u201cno era normal que no nos hablaran durante seis a\u00f1os\u201d, reiter\u00f3 que \u201clo que viene es el di\u00e1logo para trabajar juntos por la gente\u201d y aclar\u00f3 que \u201csi hay alguien que no tiene que explicar su posici\u00f3n frente al kirchnerismo ese es Mauricio Macri\u201d.<\/span><span style=\"line-height: 1.3em;\">La dirigente del PRO estar\u00e1 hoy en la ciudad bonaerense de Olavarr\u00eda.<\/span><\/p>\n","protected":false},"excerpt":{"rendered":"<p>La vicejefa del gobierno porte\u00f1o, Mar\u00eda Eugenia Vidal, reconoci\u00f3 este fin de semana ,que la gente \u201cvive preocupada\u201d por la situaci\u00f3n econ\u00f3mica y social, pero vaticin\u00f3 que \u201cEn 2015 viene algo distinto y hay una enorme posibilidad de estar mejor\u201d.\u201cLos argentinos podemos estar mucho mejor que ahora, con una cultura de di\u00e1logo, de buena administraci\u00f3n [&hellip;]<\/p>\n","protected":false},"author":2,"featured_media":15285,"comment_status":"open","ping_status":"open","sticky":false,"template":"","format":"standard","meta":{"_et_pb_use_builder":"","_et_pb_old_content":"","_et_gb_content_width":"","footnotes":""},"categories":[11,44],"tags":[],"class_list":["post-26148","post","type-post","status-publish","format-standard","has-post-thumbnail","hentry","category-ciudad","category-funcionarios-de-la-caba"],"_links":{"self":[{"href":"https:\/\/vocesdebaires.com.ar\/index.php\/wp-json\/wp\/v2\/posts\/26148"}],"collection":[{"href":"https:\/\/vocesdebaires.com.ar\/index.php\/wp-json\/wp\/v2\/posts"}],"about":[{"href":"https:\/\/vocesdebaires.com.ar\/index.php\/wp-json\/wp\/v2\/types\/post"}],"author":[{"embeddable":true,"href":"https:\/\/vocesdebaires.com.ar\/index.php\/wp-json\/wp\/v2\/users\/2"}],"replies":[{"embeddable":true,"href":"https:\/\/vocesdebaires.com.ar\/index.php\/wp-json\/wp\/v2\/comments?post=26148"}],"version-history":[{"count":0,"href":"https:\/\/vocesdebaires.com.ar\/index.php\/wp-json\/wp\/v2\/posts\/26148\/revisions"}],"wp:featuredmedia":[{"embeddable":true,"href":"https:\/\/vocesdebaires.com.ar\/index.php\/wp-json\/wp\/v2\/media\/15285"}],"wp:attachment":[{"href":"https:\/\/vocesdebaires.com.ar\/index.php\/wp-json\/wp\/v2\/media?parent=26148"}],"wp:term":[{"taxonomy":"category","embeddable":true,"href":"https:\/\/vocesdebaires.com.ar\/index.php\/wp-json\/wp\/v2\/categories?post=26148"},{"taxonomy":"post_tag","embeddable":true,"href":"https:\/\/vocesdebaires.com.ar\/index.php\/wp-json\/wp\/v2\/tags?post=26148"}],"curies":[{"name":"wp","href":"https:\/\/api.w.org\/{rel}","templated":true}]}}