{"id":26155,"date":"2014-05-27T17:57:18","date_gmt":"2014-05-27T20:57:18","guid":{"rendered":"http:\/\/vocesdebaires.com.ar\/wordpress\/index.php\/2014\/05\/27\/vidal-se-reunio-con-vecinos-de-punta-indio-2\/"},"modified":"2014-05-27T17:57:18","modified_gmt":"2014-05-27T20:57:18","slug":"vidal-se-reunio-con-vecinos-de-punta-indio-2","status":"publish","type":"post","link":"https:\/\/vocesdebaires.com.ar\/index.php\/2014\/05\/27\/vidal-se-reunio-con-vecinos-de-punta-indio-2\/","title":{"rendered":"Vidal se reuni\u00f3 con vecinos de Punta Indio"},"content":{"rendered":"<p><span style=\"line-height: 1.3em;\">La referente del PRO Mar\u00eda Eugenia Vidal se reuni\u00f3 con vecinos de la ciudad de Ver\u00f3nica en el partido de Punta Indio para dialogar con ellos y conocer las problem\u00e1ticas de la zona. All\u00ed reiter\u00f3 su intenci\u00f3n de \u00abempezar a saldar las cuentas pendientes en educaci\u00f3n, salud y seguridad que tiene la provincia de Buenos Aires\u00bb.<\/span><\/p>\n<p>\u201cCuando Mauricio sea presidente le va devolver la paz y la tranquilidad a las familias de barrios como este. Barrios sin servicios, donde la urbanizaci\u00f3n est\u00e1 pendiente, no les entregaron sus escrituras. Vamos a mejorar la realidad de estas familias, que tienen ganas de cambiar. Sabemos gobernar y sabemos administrar. Queremos recuperar la Argentina de clase media donde aquel que se esfuerza puede progresar. Un pa\u00eds donde la historia de los hijos de los pobres de hoy sea distinta a la de los padres\u201d, sostuvo Vidal acompa\u00f1ada por el concejal de Punta Indio Juan Damico y el legislador porte\u00f1o Federico Salvai.<\/p>\n","protected":false},"excerpt":{"rendered":"<p>La referente del PRO Mar\u00eda Eugenia Vidal se reuni\u00f3 con vecinos de la ciudad de Ver\u00f3nica en el partido de Punta Indio para dialogar con ellos y conocer las problem\u00e1ticas de la zona. All\u00ed reiter\u00f3 su intenci\u00f3n de \u00abempezar a saldar las cuentas pendientes en educaci\u00f3n, salud y seguridad que tiene la provincia de Buenos [&hellip;]<\/p>\n","protected":false},"author":2,"featured_media":23423,"comment_status":"open","ping_status":"open","sticky":false,"template":"","format":"standard","meta":{"_et_pb_use_builder":"","_et_pb_old_content":"","_et_gb_content_width":"","footnotes":""},"categories":[11,44],"tags":[],"class_list":["post-26155","post","type-post","status-publish","format-standard","has-post-thumbnail","hentry","category-ciudad","category-funcionarios-de-la-caba"],"_links":{"self":[{"href":"https:\/\/vocesdebaires.com.ar\/index.php\/wp-json\/wp\/v2\/posts\/26155"}],"collection":[{"href":"https:\/\/vocesdebaires.com.ar\/index.php\/wp-json\/wp\/v2\/posts"}],"about":[{"href":"https:\/\/vocesdebaires.com.ar\/index.php\/wp-json\/wp\/v2\/types\/post"}],"author":[{"embeddable":true,"href":"https:\/\/vocesdebaires.com.ar\/index.php\/wp-json\/wp\/v2\/users\/2"}],"replies":[{"embeddable":true,"href":"https:\/\/vocesdebaires.com.ar\/index.php\/wp-json\/wp\/v2\/comments?post=26155"}],"version-history":[{"count":0,"href":"https:\/\/vocesdebaires.com.ar\/index.php\/wp-json\/wp\/v2\/posts\/26155\/revisions"}],"wp:featuredmedia":[{"embeddable":true,"href":"https:\/\/vocesdebaires.com.ar\/index.php\/wp-json\/wp\/v2\/media\/23423"}],"wp:attachment":[{"href":"https:\/\/vocesdebaires.com.ar\/index.php\/wp-json\/wp\/v2\/media?parent=26155"}],"wp:term":[{"taxonomy":"category","embeddable":true,"href":"https:\/\/vocesdebaires.com.ar\/index.php\/wp-json\/wp\/v2\/categories?post=26155"},{"taxonomy":"post_tag","embeddable":true,"href":"https:\/\/vocesdebaires.com.ar\/index.php\/wp-json\/wp\/v2\/tags?post=26155"}],"curies":[{"name":"wp","href":"https:\/\/api.w.org\/{rel}","templated":true}]}}