{"id":26162,"date":"2014-05-28T13:19:49","date_gmt":"2014-05-28T16:19:49","guid":{"rendered":"http:\/\/vocesdebaires.com.ar\/wordpress\/index.php\/2014\/05\/28\/rodriguez-larreta-participo-de-una-clinica-de-futbol-2\/"},"modified":"2014-05-28T13:19:49","modified_gmt":"2014-05-28T16:19:49","slug":"rodriguez-larreta-participo-de-una-clinica-de-futbol-2","status":"publish","type":"post","link":"https:\/\/vocesdebaires.com.ar\/index.php\/2014\/05\/28\/rodriguez-larreta-participo-de-una-clinica-de-futbol-2\/","title":{"rendered":"Rodr\u00edguez Larreta, particip\u00f3 de una cl\u00ednica de f\u00fatbol"},"content":{"rendered":"<p><span style=\"line-height: 1.3em;\">El jefe de Gabinete porte\u00f1o, Horacio Rodr\u00edguez Larreta, particip\u00f3 de una cl\u00ednica de f\u00fatbol encabezada por el ex futbolista Jos\u00e9 Tiburcio Serrizuela, quien comparti\u00f3 su experiencia como jugador de la selecci\u00f3n del Mundial Italia 90 con los vecinos que se acercaron a la Plaza San Mart\u00edn.<\/span><span style=\"line-height: 1.3em;\">La actividad se realiz\u00f3 en el marco de la iniciativa \u201cBuenos Aires Mundial\u201d, pensada para que todos los vecinos y quienes visitan la Ciudad puedan ver los 64 partidos de la Copa del Mundo en dos pantallas gigantes, una en Plaza San Mart\u00edn y otra en Parque Centenario, donde confluyen gran cantidad de personas diariamente.<\/span><\/p>\n<p><span style=\"line-height: 1.3em;\">\u201cLa idea es que estos dos lugares sean puntos de encuentro para la familia, espacios para que la gente disfrute. Un festival para los fan\u00e1ticos del f\u00fatbol. Queremos que todo el mes sea una fiesta\u201d destac\u00f3 Rodr\u00edguez Larreta y agreg\u00f3: \u201cLa Ciudad se transform\u00f3 en el lugar de referencia para ver el Mundial\u201d.<\/span><span style=\"line-height: 1.3em;\">\u201cBuenos Aires Mundial\u201d tiene como objetivo principal que todos puedan compartir este evento deportivo en nuestro espacio p\u00fablico, uniendo deporte y cultura a partir de un acontecimiento que mantendr\u00e1 expectante al mundo entero.<\/span><\/p>\n<p><span style=\"line-height: 1.3em;\">En la cl\u00ednica, \u201cEl Tibur\u00f3n\u201d Serrizuela convers\u00f3 los vecinos, cont\u00f3 an\u00e9cdotas de su carrera profesional y jug\u00f3 un partido de f\u00fatbol reducido con el jefe de Gabinete y los vecinos que se acercaron a la Plaza San Mart\u00edn.<\/span><span style=\"line-height: 1.3em;\">Serrizuela form\u00f3 parte de la Selecci\u00f3n Argentina finalista en el Mundial Italia 1990. Adem\u00e1s, fue campe\u00f3n del torneo local en River (1989\/90) y del Torneo Clausura, la Recopa y dos veces la Supercopa en Independiente (1994\/95). En el exterior, jug\u00f3 en Cruz Azul y en el Veracruz de M\u00e9xico.<\/span><\/p>\n","protected":false},"excerpt":{"rendered":"<p>El jefe de Gabinete porte\u00f1o, Horacio Rodr\u00edguez Larreta, particip\u00f3 de una cl\u00ednica de f\u00fatbol encabezada por el ex futbolista Jos\u00e9 Tiburcio Serrizuela, quien comparti\u00f3 su experiencia como jugador de la selecci\u00f3n del Mundial Italia 90 con los vecinos que se acercaron a la Plaza San Mart\u00edn.La actividad se realiz\u00f3 en el marco de la iniciativa [&hellip;]<\/p>\n","protected":false},"author":2,"featured_media":23436,"comment_status":"open","ping_status":"open","sticky":false,"template":"","format":"standard","meta":{"_et_pb_use_builder":"","_et_pb_old_content":"","_et_gb_content_width":"","footnotes":""},"categories":[11,44],"tags":[],"class_list":["post-26162","post","type-post","status-publish","format-standard","has-post-thumbnail","hentry","category-ciudad","category-funcionarios-de-la-caba"],"_links":{"self":[{"href":"https:\/\/vocesdebaires.com.ar\/index.php\/wp-json\/wp\/v2\/posts\/26162"}],"collection":[{"href":"https:\/\/vocesdebaires.com.ar\/index.php\/wp-json\/wp\/v2\/posts"}],"about":[{"href":"https:\/\/vocesdebaires.com.ar\/index.php\/wp-json\/wp\/v2\/types\/post"}],"author":[{"embeddable":true,"href":"https:\/\/vocesdebaires.com.ar\/index.php\/wp-json\/wp\/v2\/users\/2"}],"replies":[{"embeddable":true,"href":"https:\/\/vocesdebaires.com.ar\/index.php\/wp-json\/wp\/v2\/comments?post=26162"}],"version-history":[{"count":0,"href":"https:\/\/vocesdebaires.com.ar\/index.php\/wp-json\/wp\/v2\/posts\/26162\/revisions"}],"wp:featuredmedia":[{"embeddable":true,"href":"https:\/\/vocesdebaires.com.ar\/index.php\/wp-json\/wp\/v2\/media\/23436"}],"wp:attachment":[{"href":"https:\/\/vocesdebaires.com.ar\/index.php\/wp-json\/wp\/v2\/media?parent=26162"}],"wp:term":[{"taxonomy":"category","embeddable":true,"href":"https:\/\/vocesdebaires.com.ar\/index.php\/wp-json\/wp\/v2\/categories?post=26162"},{"taxonomy":"post_tag","embeddable":true,"href":"https:\/\/vocesdebaires.com.ar\/index.php\/wp-json\/wp\/v2\/tags?post=26162"}],"curies":[{"name":"wp","href":"https:\/\/api.w.org\/{rel}","templated":true}]}}