{"id":26177,"date":"2014-05-29T20:29:42","date_gmt":"2014-05-29T23:29:42","guid":{"rendered":"http:\/\/vocesdebaires.com.ar\/wordpress\/index.php\/2014\/05\/29\/se-establecio-doble-sentido-de-circulacion-a-la-calle-arenales-2\/"},"modified":"2014-05-29T20:29:42","modified_gmt":"2014-05-29T23:29:42","slug":"se-establecio-doble-sentido-de-circulacion-a-la-calle-arenales-2","status":"publish","type":"post","link":"https:\/\/vocesdebaires.com.ar\/index.php\/2014\/05\/29\/se-establecio-doble-sentido-de-circulacion-a-la-calle-arenales-2\/","title":{"rendered":"Se estableci\u00f3 doble sentido de circulaci\u00f3n a la calle Arenales"},"content":{"rendered":"<p><span style=\"line-height: 1.3em;\">Se aprob\u00f3 una modificaci\u00f3n de la Ley 4414 que establece doble sentido de circulaci\u00f3n asim\u00e9trico a la calle Arenales entre Rep\u00fablica \u00c1rabe Siria y Ra\u00fal Scalabrini Ortiz. En tanto, se sigue manteniendo doble sentido de circulaci\u00f3n asim\u00e9trico en la Av. Santa Fe entre Jorge Luis Borges y Esmeralda. Adem\u00e1s, la calle Arenales, desde Ra\u00fal Scalabrini Ortiz hasta Av. Callao, tendr\u00e1 sentido de circulaci\u00f3n de Oeste a Este. La norma fue sancionada a propuesta del Jefe de Gobierno, Mauricio Macri, con 57 votos positivos.<\/span><\/p>\n<p>La ley, cuyo expediente hab\u00eda sido despachado favorablemente por la comisi\u00f3n de Tr\u00e1nsito y Transporte, tambi\u00e9n establece que \u00abSe proh\u00edbe el estacionamiento general de veh\u00edculos junto a la acera derecha de la calle Tom\u00e1s M. de Anchorena entre Charcas y la Av. Santa Fe, todos los d\u00edas en el horario de 7 a 21 horas\u00bb. En el mismo sentido se proh\u00edbe el estacionamiento junto a la acera impar de la Av. Santa Fe entre la calzada circular de Plaza Italia y la calle Esmeralda, todos los d\u00edas durante las veinticuatro horas. Adem\u00e1s se proh\u00edbe el estacionamiento junto a la acera par de la Av. Santa Fe entre las calles Jorge Luis Borges y Libertad, los d\u00edas h\u00e1biles en el horario de 7 a 21 horas.<\/p>\n<p>Por otra parte, se aprob\u00f3 una declaraci\u00f3n que solicita al Poder Ejecutivo que, a trav\u00e9s de los organismos t\u00e9cnicos competentes, proceda a retirar o reubicar, seg\u00fan corresponda, las paradas de colectivos instaladas en Av. Callao entre Arenales y Juncal.<\/p>\n<p>Promueven actualizar el redondeo a favor del consumidor<\/p>\n<p>Adem\u00e1s se aprob\u00f3 una declaraci\u00f3n a trav\u00e9s la cual la Legislatura de la Ciudad ve con agrado que el Congreso de la Naci\u00f3n sancione una ley destinada a actualizar la Ley N\u00b0 22.802 de Lealtad Comercial. El cambio propuesto promueve aumentar a favor del consumidor el importe de la diferencia del monto total a pagar cuando en el lugar de la compra no se tiene el cambio exacto para dar el vuelto.<span style=\"line-height: 1.3em;\">Actualmente est\u00e1 establecido en 5 centavos y a trav\u00e9s de la declaraci\u00f3n aprobada los diputados porte\u00f1os consideran que debe ascender a 1 peso. La norma nacional determina que la diferencia debe ser compensada con dinero de curso legal vigente. La iniciativa fue presentada por la diputada Cristina Garc\u00eda (CP).<\/span><\/p>\n<p>La Sesi\u00f3n Ordinaria comenz\u00f3 a las 12:15 horas siendo presidida por Vicepresidente Primero de la Legislatura, diputado Cristian Ritondo (PRO).<\/p>\n","protected":false},"excerpt":{"rendered":"<p>Se aprob\u00f3 una modificaci\u00f3n de la Ley 4414 que establece doble sentido de circulaci\u00f3n asim\u00e9trico a la calle Arenales entre Rep\u00fablica \u00c1rabe Siria y Ra\u00fal Scalabrini Ortiz. En tanto, se sigue manteniendo doble sentido de circulaci\u00f3n asim\u00e9trico en la Av. Santa Fe entre Jorge Luis Borges y Esmeralda. Adem\u00e1s, la calle Arenales, desde Ra\u00fal Scalabrini [&hellip;]<\/p>\n","protected":false},"author":2,"featured_media":23463,"comment_status":"open","ping_status":"open","sticky":false,"template":"","format":"standard","meta":{"_et_pb_use_builder":"","_et_pb_old_content":"","_et_gb_content_width":"","footnotes":""},"categories":[11,44],"tags":[],"class_list":["post-26177","post","type-post","status-publish","format-standard","has-post-thumbnail","hentry","category-ciudad","category-funcionarios-de-la-caba"],"_links":{"self":[{"href":"https:\/\/vocesdebaires.com.ar\/index.php\/wp-json\/wp\/v2\/posts\/26177"}],"collection":[{"href":"https:\/\/vocesdebaires.com.ar\/index.php\/wp-json\/wp\/v2\/posts"}],"about":[{"href":"https:\/\/vocesdebaires.com.ar\/index.php\/wp-json\/wp\/v2\/types\/post"}],"author":[{"embeddable":true,"href":"https:\/\/vocesdebaires.com.ar\/index.php\/wp-json\/wp\/v2\/users\/2"}],"replies":[{"embeddable":true,"href":"https:\/\/vocesdebaires.com.ar\/index.php\/wp-json\/wp\/v2\/comments?post=26177"}],"version-history":[{"count":0,"href":"https:\/\/vocesdebaires.com.ar\/index.php\/wp-json\/wp\/v2\/posts\/26177\/revisions"}],"wp:featuredmedia":[{"embeddable":true,"href":"https:\/\/vocesdebaires.com.ar\/index.php\/wp-json\/wp\/v2\/media\/23463"}],"wp:attachment":[{"href":"https:\/\/vocesdebaires.com.ar\/index.php\/wp-json\/wp\/v2\/media?parent=26177"}],"wp:term":[{"taxonomy":"category","embeddable":true,"href":"https:\/\/vocesdebaires.com.ar\/index.php\/wp-json\/wp\/v2\/categories?post=26177"},{"taxonomy":"post_tag","embeddable":true,"href":"https:\/\/vocesdebaires.com.ar\/index.php\/wp-json\/wp\/v2\/tags?post=26177"}],"curies":[{"name":"wp","href":"https:\/\/api.w.org\/{rel}","templated":true}]}}