{"id":26178,"date":"2014-05-29T21:00:38","date_gmt":"2014-05-30T00:00:38","guid":{"rendered":"http:\/\/vocesdebaires.com.ar\/wordpress\/index.php\/2014\/05\/29\/senalizaciones-y-semaforos-en-dos-escuelas-2\/"},"modified":"2014-05-29T21:00:38","modified_gmt":"2014-05-30T00:00:38","slug":"senalizaciones-y-semaforos-en-dos-escuelas-2","status":"publish","type":"post","link":"https:\/\/vocesdebaires.com.ar\/index.php\/2014\/05\/29\/senalizaciones-y-semaforos-en-dos-escuelas-2\/","title":{"rendered":"Se\u00f1alizaciones y sem\u00e1foros en dos escuelas"},"content":{"rendered":"<p><span style=\"line-height: 1.3em;\">A trav\u00e9s de una propuesta del diputado Maximiliano Ferraro (CC &#8211; UNEN) se aprob\u00f3 instalar sem\u00e1foros, reductores de velocidad y se\u00f1alizaci\u00f3n vertical en la calle Cris\u00f3logo Larralde al 5100 entre Pacheco y D\u00edaz Colodrero, en las cercan\u00edas de la Escuela Superior de Educaci\u00f3n Art\u00edstica en M\u00fasica Juan Pedro Esnaola en el Polo Educativo Saavedra. En el mismo sentido el Cuerpo solicit\u00f3 al Ejecutivo que proceda a instalar sem\u00e1foros para cruce escolar con accionamiento manual en la intersecci\u00f3n de la calle Ber\u00f3n de Astrada y Av. Cafayate, en las cercan\u00edas de la Escuela N\u00b09 D.E. 21.<\/span><\/p>\n<p>Promovieron el estudio de la extensi\u00f3n del uso de la tarjeta SUBE<\/p>\n<p><span style=\"line-height: 1.3em;\">La Legislatura de la Ciudad solicit\u00f3 al Poder Ejecutivo a trav\u00e9s de una declaraci\u00f3n aprobada hoy que, estudie la factibilidad de realizar los convenios necesarios con el Ministerio del Interior y Transporte de la Naci\u00f3n con el fin de extender el uso de la tarjeta Sube en los peajes de las autopistas de la Ciudad, en el Sistema de Estacionamiento Regulado, en las playas de estacionamiento subterr\u00e1neas concesionadas por el Gobierno de la Ciudad y en todo modo de transporte donde resulte t\u00e9cnicamente posible y conveniente para el usuario. El diputado Juan Nosiglia (SUMA+). El autor subraya que esta metodolog\u00eda evita la portaci\u00f3n de efectivo y simplifica el pago de las tarifas, ahorrando tiempo a los usuarios y a los encargados del cobro correspondiente. <\/span><\/p>\n<p><span style=\"line-height: 1.3em;\">Protecci\u00f3n al p\u00fablico de espect\u00e1culos art\u00edsticos<\/span><\/p>\n<p><span style=\"line-height: 1.3em;\">El proyecto de Ley para la protecci\u00f3n de Consumidores y Usuarios que asistan a espect\u00e1culos p\u00fablicos de \u00edndole art\u00edstico y\/o musical en la Ciudad de Buenos Aires, impulsado por el diputado Daniel Lipovetzky (PRO) y despachado por la Comisi\u00f3n con competencia en el asunto inclu\u00eddo en el orden del d\u00eda fue reservado en secretar\u00eda.<\/span><\/p>\n<p><span style=\"line-height: 1.3em;\">Foto: Diputado Maximiliano Ferraro (CC &#8211; UNEN), autor de la ley que establece la instalaci\u00f3n de sem\u00e1foros en las cercan\u00edas de la Escuela de M\u00fasica Juan Pedro Esnaola<\/span><\/p>\n","protected":false},"excerpt":{"rendered":"<p>A trav\u00e9s de una propuesta del diputado Maximiliano Ferraro (CC &#8211; UNEN) se aprob\u00f3 instalar sem\u00e1foros, reductores de velocidad y se\u00f1alizaci\u00f3n vertical en la calle Cris\u00f3logo Larralde al 5100 entre Pacheco y D\u00edaz Colodrero, en las cercan\u00edas de la Escuela Superior de Educaci\u00f3n Art\u00edstica en M\u00fasica Juan Pedro Esnaola en el Polo Educativo Saavedra. En [&hellip;]<\/p>\n","protected":false},"author":2,"featured_media":23465,"comment_status":"open","ping_status":"open","sticky":false,"template":"","format":"standard","meta":{"_et_pb_use_builder":"","_et_pb_old_content":"","_et_gb_content_width":"","footnotes":""},"categories":[11,44],"tags":[],"class_list":["post-26178","post","type-post","status-publish","format-standard","has-post-thumbnail","hentry","category-ciudad","category-funcionarios-de-la-caba"],"_links":{"self":[{"href":"https:\/\/vocesdebaires.com.ar\/index.php\/wp-json\/wp\/v2\/posts\/26178"}],"collection":[{"href":"https:\/\/vocesdebaires.com.ar\/index.php\/wp-json\/wp\/v2\/posts"}],"about":[{"href":"https:\/\/vocesdebaires.com.ar\/index.php\/wp-json\/wp\/v2\/types\/post"}],"author":[{"embeddable":true,"href":"https:\/\/vocesdebaires.com.ar\/index.php\/wp-json\/wp\/v2\/users\/2"}],"replies":[{"embeddable":true,"href":"https:\/\/vocesdebaires.com.ar\/index.php\/wp-json\/wp\/v2\/comments?post=26178"}],"version-history":[{"count":0,"href":"https:\/\/vocesdebaires.com.ar\/index.php\/wp-json\/wp\/v2\/posts\/26178\/revisions"}],"wp:featuredmedia":[{"embeddable":true,"href":"https:\/\/vocesdebaires.com.ar\/index.php\/wp-json\/wp\/v2\/media\/23465"}],"wp:attachment":[{"href":"https:\/\/vocesdebaires.com.ar\/index.php\/wp-json\/wp\/v2\/media?parent=26178"}],"wp:term":[{"taxonomy":"category","embeddable":true,"href":"https:\/\/vocesdebaires.com.ar\/index.php\/wp-json\/wp\/v2\/categories?post=26178"},{"taxonomy":"post_tag","embeddable":true,"href":"https:\/\/vocesdebaires.com.ar\/index.php\/wp-json\/wp\/v2\/tags?post=26178"}],"curies":[{"name":"wp","href":"https:\/\/api.w.org\/{rel}","templated":true}]}}