{"id":26180,"date":"2014-05-29T21:32:39","date_gmt":"2014-05-30T00:32:39","guid":{"rendered":"http:\/\/vocesdebaires.com.ar\/wordpress\/index.php\/2014\/05\/29\/luto-de-edificios-portenos-2\/"},"modified":"2014-05-29T21:32:39","modified_gmt":"2014-05-30T00:32:39","slug":"luto-de-edificios-portenos-2","status":"publish","type":"post","link":"https:\/\/vocesdebaires.com.ar\/index.php\/2014\/05\/29\/luto-de-edificios-portenos-2\/","title":{"rendered":"Luto de edificios porte\u00f1os"},"content":{"rendered":"<p><span style=\"line-height: 1.3em;\">Se aprob\u00f3 con texto consensuado una ley que instituye el 18 de julio de cada a\u00f1o como \u00abD\u00eda de Duelo de la Ciudad Aut\u00f3noma de Buenos Aires\u00bb, en homenaje a las v\u00edctimas del atentado contra la sede de la Asociaci\u00f3n Mutual Israelita Argentina (AMIA). Se dispuso adem\u00e1s que cada 18 de julio, la Bandera Nacional y la de la Ciudad permanezcan izadas a media asta en edificios p\u00fablicos porte\u00f1os y la ornamentaci\u00f3n de color negro en el Obelisco emplazado en la \u00abPlaza de la Rep\u00fablica\u00bb. La ley se aprob\u00f3 con 58 votos positivos.<\/span><\/p>\n<p><span style=\"line-height: 1.3em;\">15 de julio, D\u00eda del Corredor Inmobiliario<\/span><\/p>\n<p><span style=\"line-height: 1.3em;\">El proyecto de autor\u00eda del legislador Daniel Presti (PRO) mediante el cual se propicia el d\u00eda 15 de julio de cada a\u00f1o como d\u00eda del Corredor Inmobiliario se aprob\u00f3 en la sesi\u00f3n del d\u00eda de la fecha. El Colegio \u00danico de Corredores Inmobiliarios de la Ciudad de Buenos Aires (CUCICBA), fue creado en el 2007 y el 15 de julio de 2009 se hizo cargo de sus funciones la primer Comisi\u00f3n Directiva. En la actualidad cuenta con m\u00e1s de cuatro mil matriculados, constituy\u00e9ndose en el colegio de corredores inmobiliarios con mayor n\u00famero de miembros en el territorio nacional. La iniciativa fue aprobada con 57 votos positivos.<\/span><\/p>\n<p>Placa por v\u00edctimas de represi\u00f3n<\/p>\n<p>Se aprob\u00f3 sobre tablas la colocaci\u00f3n de una placa en Homenaje a las Victimas de la Represi\u00f3n de Junio de 1956, al pie de la que se encuentra emplazada en el Parque \u201cGeneral Juan Gregorio Las Heras\u201d, sobre la calle Jer\u00f3nimo Salguero en su intersecci\u00f3n con la Av. Las Heras. La lista total de v\u00edctimas por los fusilamientos desarrollados entre el 9 y 12 de junio de 1956, asciende a 31, entre civiles y militares, tal como lo indican todos los registros. Impuls\u00f3 esta iniciativa la diputada Mar\u00eda Rosa Mui\u00f1os (FpV).\u00a0<span style=\"line-height: 1.3em;\">Cuando era presidida por el diputado Cristian Ritondo (PRO) y luego de agotar el temario concluy\u00f3 la Sesi\u00f3n Ordinaria. <\/span><\/p>\n","protected":false},"excerpt":{"rendered":"<p>Se aprob\u00f3 con texto consensuado una ley que instituye el 18 de julio de cada a\u00f1o como \u00abD\u00eda de Duelo de la Ciudad Aut\u00f3noma de Buenos Aires\u00bb, en homenaje a las v\u00edctimas del atentado contra la sede de la Asociaci\u00f3n Mutual Israelita Argentina (AMIA). Se dispuso adem\u00e1s que cada 18 de julio, la Bandera Nacional [&hellip;]<\/p>\n","protected":false},"author":2,"featured_media":23469,"comment_status":"open","ping_status":"open","sticky":false,"template":"","format":"standard","meta":{"_et_pb_use_builder":"","_et_pb_old_content":"","_et_gb_content_width":"","footnotes":""},"categories":[11,44],"tags":[],"class_list":["post-26180","post","type-post","status-publish","format-standard","has-post-thumbnail","hentry","category-ciudad","category-funcionarios-de-la-caba"],"_links":{"self":[{"href":"https:\/\/vocesdebaires.com.ar\/index.php\/wp-json\/wp\/v2\/posts\/26180"}],"collection":[{"href":"https:\/\/vocesdebaires.com.ar\/index.php\/wp-json\/wp\/v2\/posts"}],"about":[{"href":"https:\/\/vocesdebaires.com.ar\/index.php\/wp-json\/wp\/v2\/types\/post"}],"author":[{"embeddable":true,"href":"https:\/\/vocesdebaires.com.ar\/index.php\/wp-json\/wp\/v2\/users\/2"}],"replies":[{"embeddable":true,"href":"https:\/\/vocesdebaires.com.ar\/index.php\/wp-json\/wp\/v2\/comments?post=26180"}],"version-history":[{"count":0,"href":"https:\/\/vocesdebaires.com.ar\/index.php\/wp-json\/wp\/v2\/posts\/26180\/revisions"}],"wp:featuredmedia":[{"embeddable":true,"href":"https:\/\/vocesdebaires.com.ar\/index.php\/wp-json\/wp\/v2\/media\/23469"}],"wp:attachment":[{"href":"https:\/\/vocesdebaires.com.ar\/index.php\/wp-json\/wp\/v2\/media?parent=26180"}],"wp:term":[{"taxonomy":"category","embeddable":true,"href":"https:\/\/vocesdebaires.com.ar\/index.php\/wp-json\/wp\/v2\/categories?post=26180"},{"taxonomy":"post_tag","embeddable":true,"href":"https:\/\/vocesdebaires.com.ar\/index.php\/wp-json\/wp\/v2\/tags?post=26180"}],"curies":[{"name":"wp","href":"https:\/\/api.w.org\/{rel}","templated":true}]}}