{"id":26181,"date":"2014-05-30T11:33:03","date_gmt":"2014-05-30T14:33:03","guid":{"rendered":"http:\/\/vocesdebaires.com.ar\/wordpress\/index.php\/2014\/05\/30\/macri-es-positivo-el-acuerdo-con-el-club-de-paris-2\/"},"modified":"2014-05-30T11:33:03","modified_gmt":"2014-05-30T14:33:03","slug":"macri-es-positivo-el-acuerdo-con-el-club-de-paris-2","status":"publish","type":"post","link":"https:\/\/vocesdebaires.com.ar\/index.php\/2014\/05\/30\/macri-es-positivo-el-acuerdo-con-el-club-de-paris-2\/","title":{"rendered":"Macri : Es positivo el acuerdo con el Club de Par\u00eds"},"content":{"rendered":"<p><span style=\"line-height: 1.3em;\">El jefe de Gobierno de la Ciudad de Buenos Aires, Mauricio Macri, afirm\u00f3 hoy \u00a0que \u201ces positivo\u201d el acuerdo al que arrib\u00f3 el Gobierno Nacional con el Club de Par\u00eds, \u201cporque de esa manera se nos abren puertas y hay mejores posibilidades para la Argentina\u201d. <\/span><span style=\"line-height: 1.3em;\"> \u201cHace meses que dije que hab\u00eda que acordar con el Club de Par\u00eds y ahora espero que hagan lo mismo con los holdouts y el FMI y que tambi\u00e9n resuelvan los n\u00fameros del Indec\u201d, agreg\u00f3 el mandatario.<\/span><\/p>\n<p>Macri dijo que tambi\u00e9n aguarda que se gesten nuevos acuerdos para honrar los compromisos internacionales y se expres\u00f3 favorablemente de que nuestro pa\u00eds haya sido invitado a la cumbre de los pa\u00edses que integran el BRICS.<span style=\"line-height: 1.3em;\"> \u201cHay que participar en todos los lugares donde nos inviten para dialogar, sumar y construir\u201d, precis\u00f3. La Argentina participar\u00e1 en julio pr\u00f3ximo como invitada de la cumbre de los pa\u00edses que integran el BRICS -integrado por Brasil, Rusia, India, China y Sud\u00e1frica- que se llevar\u00e1 a cabo en la ciudad brasile\u00f1a de Fortaleza.<\/span><\/p>\n<p>\u201cTenemos que ser parte de este mundo que esta frente a una revoluci\u00f3n tecnol\u00f3gica y donde crece el comercio entre pa\u00edses. Hay que resolver los problemas de pobreza en la Argentina y eso se va a lograr con m\u00e1s trabajo y con una naci\u00f3n integrada\u201d, apunt\u00f3.<span style=\"line-height: 1.3em;\"> En declaraciones formuladas esta tarde al periodismo, luego de asistir a la firma de un convenio del Banco Ciudad con los futbolistas del seleccionado nacional Javier Mascherano y Ezequiel Lavezzi, Macri afirm\u00f3 que \u201cbajar la inflaci\u00f3n ser\u00eda un verdadero golazo\u201d.<\/span><\/p>\n<p>En ese sentido, dijo que el Gobierno ha adoptado \u201cun camino zigzagueante\u201d en este tramo de la transici\u00f3n hacia el recambio presidencial de 2015 .<span style=\"line-height: 1.3em;\"> Macri renov\u00f3 la invitaci\u00f3n para que la gente se incorpore en la pol\u00edtica y se sume \u201ccomo hace unos d\u00edas lo hicieron\u201d el golfista Eduardo \u201cGato\u201d Romero, el presidente del club Atenas de C\u00f3rdoba, Felipe L\u00e1baque, y otras miles de personas que est\u00e1n decididas que estas cosas cambien y seamos nosotros los protagonistas del cambio\u201d.<\/span><\/p>\n<p>Se\u00f1al\u00f3 que \u201cest\u00e1 bien competir\u201d entre los distintos partidos y que \u201chaya debate y propuestas para que la gente pueda comparar si quieren seguir con los mismos que nos gobernaron desde hace 30 a\u00f1os, que han prometido de todo mucho y cumplen muy poco, o si quieren un cambio\u201d.<span style=\"line-height: 1.3em;\"> En PRO \u201chay un grupo de gente distinta, que hace poco que est\u00e1 en la pol\u00edtica, que tiene algo distinto para mostrar; porque nosotros no somos distintos por lo que decimos sino por lo que hacemos en la Ciudad y porque creemos que los mismo se puede hacer en todo el pa\u00eds\u201d, a\u00f1adi\u00f3.<\/span><span style=\"line-height: 1.3em;\"> Descart\u00f3 de plano que vaya a una interna con el dirigente Sergio Massa y reafirm\u00f3 que \u201cnosotros trabajamos en la construcci\u00f3n de la tercera v\u00eda porque la Argentina necesita un cambio de verdad, con otros valores y otra forma de hacer pol\u00edtica\u201d.<\/span><\/p>\n","protected":false},"excerpt":{"rendered":"<p>El jefe de Gobierno de la Ciudad de Buenos Aires, Mauricio Macri, afirm\u00f3 hoy \u00a0que \u201ces positivo\u201d el acuerdo al que arrib\u00f3 el Gobierno Nacional con el Club de Par\u00eds, \u201cporque de esa manera se nos abren puertas y hay mejores posibilidades para la Argentina\u201d. \u201cHace meses que dije que hab\u00eda que acordar con el [&hellip;]<\/p>\n","protected":false},"author":2,"featured_media":22587,"comment_status":"open","ping_status":"open","sticky":false,"template":"","format":"standard","meta":{"_et_pb_use_builder":"","_et_pb_old_content":"","_et_gb_content_width":"","footnotes":""},"categories":[11,44],"tags":[],"class_list":["post-26181","post","type-post","status-publish","format-standard","has-post-thumbnail","hentry","category-ciudad","category-funcionarios-de-la-caba"],"_links":{"self":[{"href":"https:\/\/vocesdebaires.com.ar\/index.php\/wp-json\/wp\/v2\/posts\/26181"}],"collection":[{"href":"https:\/\/vocesdebaires.com.ar\/index.php\/wp-json\/wp\/v2\/posts"}],"about":[{"href":"https:\/\/vocesdebaires.com.ar\/index.php\/wp-json\/wp\/v2\/types\/post"}],"author":[{"embeddable":true,"href":"https:\/\/vocesdebaires.com.ar\/index.php\/wp-json\/wp\/v2\/users\/2"}],"replies":[{"embeddable":true,"href":"https:\/\/vocesdebaires.com.ar\/index.php\/wp-json\/wp\/v2\/comments?post=26181"}],"version-history":[{"count":0,"href":"https:\/\/vocesdebaires.com.ar\/index.php\/wp-json\/wp\/v2\/posts\/26181\/revisions"}],"wp:featuredmedia":[{"embeddable":true,"href":"https:\/\/vocesdebaires.com.ar\/index.php\/wp-json\/wp\/v2\/media\/22587"}],"wp:attachment":[{"href":"https:\/\/vocesdebaires.com.ar\/index.php\/wp-json\/wp\/v2\/media?parent=26181"}],"wp:term":[{"taxonomy":"category","embeddable":true,"href":"https:\/\/vocesdebaires.com.ar\/index.php\/wp-json\/wp\/v2\/categories?post=26181"},{"taxonomy":"post_tag","embeddable":true,"href":"https:\/\/vocesdebaires.com.ar\/index.php\/wp-json\/wp\/v2\/tags?post=26181"}],"curies":[{"name":"wp","href":"https:\/\/api.w.org\/{rel}","templated":true}]}}