{"id":26187,"date":"2014-05-30T19:18:50","date_gmt":"2014-05-30T22:18:50","guid":{"rendered":"http:\/\/vocesdebaires.com.ar\/wordpress\/index.php\/2014\/05\/30\/vidal-el-campo-crecio-a-pesar-del-estado-2\/"},"modified":"2014-05-30T19:18:50","modified_gmt":"2014-05-30T22:18:50","slug":"vidal-el-campo-crecio-a-pesar-del-estado-2","status":"publish","type":"post","link":"https:\/\/vocesdebaires.com.ar\/index.php\/2014\/05\/30\/vidal-el-campo-crecio-a-pesar-del-estado-2\/","title":{"rendered":"Vidal: \u00abEl campo creci\u00f3 a pesar del Estado\u00bb"},"content":{"rendered":"<p><span style=\"line-height: 1.3em;\"> La referente bonaerense del PRO, Mar\u00eda Eugenia Vidal, recorri\u00f3 esta tarde Saladillo, donde asegur\u00f3 que \u00abel campo creci\u00f3 a pesar del Estado. Hay que imaginar todo lo que se hubiese podido hacer con el apoyo del Estado. Cuando Mauricio sea presidente vamos a poner al campo en el lugar que siempre debi\u00f3 estar\u00bb.<\/span><span style=\"line-height: 1.3em;\">Vidal mantuvo esta ma\u00f1ana un encuentro con representantes locales de la Asociaci\u00f3n Argentina de Consorcios Regionales de Experimentaci\u00f3n Agr\u00edcola (AACREA), en el que enfatiz\u00f3 que eliminar retenciones y liberar exportaciones son \u00abmedidas necesarias que hay que implementar para poder reactivar el campo argentino\u00bb.<\/span><\/p>\n<p><span style=\"line-height: 1.3em;\">\u201cComo espacio pol\u00edtico tenemos un candidato para presidente en 2015 que es Mauricio Macri, quien desde el primer d\u00eda se pronunci\u00f3 en contra de las retenciones y siempre expuso su visi\u00f3n integral y profunda sobre el campo\u00bb, record\u00f3 la dirigente. \u00abDesde el PRO tenemos una propuesta seria para el sector, que incluye quitar las retenciones para todos los cereales, con gradualidad para la soja, abrir las exportaciones, sancionar una ley nacional de fomento y un plan de infraestructura\u00bb, detall\u00f3.<\/span><span style=\"line-height: 1.3em;\">\u00abEl campo es uno de los grandes motores del pa\u00eds\u00bb, agreg\u00f3 Vidal. \u00abUn buen gobierno tiene que promover y alentar la producci\u00f3n y el trabajo de la gente y no ser el generador de las trabas que sufre el sector\u00bb, finaliz\u00f3.<\/span><\/p>\n","protected":false},"excerpt":{"rendered":"<p>La referente bonaerense del PRO, Mar\u00eda Eugenia Vidal, recorri\u00f3 esta tarde Saladillo, donde asegur\u00f3 que \u00abel campo creci\u00f3 a pesar del Estado. Hay que imaginar todo lo que se hubiese podido hacer con el apoyo del Estado. Cuando Mauricio sea presidente vamos a poner al campo en el lugar que siempre debi\u00f3 estar\u00bb.Vidal mantuvo esta [&hellip;]<\/p>\n","protected":false},"author":2,"featured_media":23481,"comment_status":"open","ping_status":"open","sticky":false,"template":"","format":"standard","meta":{"_et_pb_use_builder":"","_et_pb_old_content":"","_et_gb_content_width":"","footnotes":""},"categories":[11,44],"tags":[],"class_list":["post-26187","post","type-post","status-publish","format-standard","has-post-thumbnail","hentry","category-ciudad","category-funcionarios-de-la-caba"],"_links":{"self":[{"href":"https:\/\/vocesdebaires.com.ar\/index.php\/wp-json\/wp\/v2\/posts\/26187"}],"collection":[{"href":"https:\/\/vocesdebaires.com.ar\/index.php\/wp-json\/wp\/v2\/posts"}],"about":[{"href":"https:\/\/vocesdebaires.com.ar\/index.php\/wp-json\/wp\/v2\/types\/post"}],"author":[{"embeddable":true,"href":"https:\/\/vocesdebaires.com.ar\/index.php\/wp-json\/wp\/v2\/users\/2"}],"replies":[{"embeddable":true,"href":"https:\/\/vocesdebaires.com.ar\/index.php\/wp-json\/wp\/v2\/comments?post=26187"}],"version-history":[{"count":0,"href":"https:\/\/vocesdebaires.com.ar\/index.php\/wp-json\/wp\/v2\/posts\/26187\/revisions"}],"wp:featuredmedia":[{"embeddable":true,"href":"https:\/\/vocesdebaires.com.ar\/index.php\/wp-json\/wp\/v2\/media\/23481"}],"wp:attachment":[{"href":"https:\/\/vocesdebaires.com.ar\/index.php\/wp-json\/wp\/v2\/media?parent=26187"}],"wp:term":[{"taxonomy":"category","embeddable":true,"href":"https:\/\/vocesdebaires.com.ar\/index.php\/wp-json\/wp\/v2\/categories?post=26187"},{"taxonomy":"post_tag","embeddable":true,"href":"https:\/\/vocesdebaires.com.ar\/index.php\/wp-json\/wp\/v2\/tags?post=26187"}],"curies":[{"name":"wp","href":"https:\/\/api.w.org\/{rel}","templated":true}]}}