{"id":26194,"date":"2014-06-02T12:59:42","date_gmt":"2014-06-02T15:59:42","guid":{"rendered":"http:\/\/vocesdebaires.com.ar\/wordpress\/index.php\/2014\/06\/02\/vidal-con-el-intendente-de-tapalque-y-contra-el-tabaquismo-2\/"},"modified":"2014-06-02T12:59:42","modified_gmt":"2014-06-02T15:59:42","slug":"vidal-con-el-intendente-de-tapalque-y-contra-el-tabaquismo-2","status":"publish","type":"post","link":"https:\/\/vocesdebaires.com.ar\/index.php\/2014\/06\/02\/vidal-con-el-intendente-de-tapalque-y-contra-el-tabaquismo-2\/","title":{"rendered":"Vidal: Con el intendente de Tapalqu\u00e9 y contra el tabaquismo"},"content":{"rendered":"<p><span style=\"line-height: 1.3em;\">La referente del PRO Mar\u00eda Eugenia Vidal se reuni\u00f3 con el intendente de Tapalqu\u00e9, Gustavo Cocconi (Frente para la Victoria), y destac\u00f3 que con el pr\u00f3ximo presidente \u00abva a venir un per\u00edodo de crecimiento y despegue para la Argentina\u00bb. Adem\u00e1s, volvi\u00f3 a remarcar que \u00aben la provincia de Buenos Aires hay grandes deudas sociales\u00bb.<\/span><span style=\"line-height: 1.3em;\">A ser consultada sobre el encuentro con el jefe comunal kirchnerista, Vidal se\u00f1al\u00f3 \u00abalgunos intendentes piensan, como yo, que el di\u00e1logo y la apertura es el mejor camino, y otros no. El intendente Cocconi me ha recibido muy bien, y estoy muy agradecida. Discutimos sobre temas que nos interesan a ambos, sobre todo la cuesti\u00f3n medioambiental. Me manifest\u00f3 su compromiso de impulsar pol\u00edticas que tengan que ver con ese tema\u00bb.<\/span><\/p>\n<p><span style=\"line-height: 1.3em;\">\u00abHablamos de la experiencia del gobierno de la Ciudad con la promoci\u00f3n del uso de bicicletas, el tratamiento de residuos, la separaci\u00f3n en origen, el cambio de luminaria p\u00fablica que ahorra el consumo de energ\u00eda\u00bb, explic\u00f3 Vidal, quien estuvo acompa\u00f1ada por el referente local del macrismo, Alfredo Ventos.<\/span><span style=\"line-height: 1.3em;\">\u00abLo v\u00ed muy interesado al intendente en este tema, y muestra que m\u00e1s all\u00e1 de que pertenezcamos a espacios pol\u00edticos distintos y veamos la pol\u00edtica de manera diferente, podemos dialogar y tener una buena charla\u00bb, agreg\u00f3.<\/span><span style=\"line-height: 1.3em;\">Por su parte, Cocconi afirm\u00f3: \u00abMe gust\u00f3 lo que hicieron en la Ciudad, la urbanizaci\u00f3n, el cambio en la 9 de Julio, las bicisendas para generar otra alternativa para desalentar el uso del auto\u00bb.<\/span><\/p>\n<p><span style=\"line-height: 1.3em;\">Tras el encuentro con el intendente, Vidal visit\u00f3 una casa de familia y la sede del cuartel de bomberos voluntarios de Tapalqu\u00e9.<\/span><span style=\"line-height: 1.3em;\">En di\u00e1logo con la prensa, Vidal dijo que \u00abapostamos a una propuesta nueva porque esta es la manera de proponer un verdadero cambio. Despu\u00e9s de 30 a\u00f1os de democracia, lo que vemos es que los pol\u00edticos est\u00e1n mejor y la gente est\u00e1 peor. Nosotros queremos cambiar esa l\u00f3gica\u00bb.<\/span><span style=\"line-height: 1.3em;\">\u00abEsta es una Provincia con muchas deudas. La inseguridad, la infraestructura social y la calidad en salud y educaci\u00f3n con asignaturas pendientes\u00bb, finaliz\u00f3.<\/span><\/p>\n<p><span style=\"line-height: 1.3em;\">&#8212;&#8212;&#8212;&#8212;&#8212;&#8212;&#8212;&#8212;&#8212;&#8212;&#8212;&#8212;&#8212;&#8212;&#8212;&#8212;&#8212;&#8212;&#8212;&#8212;&#8212;&#8212;&#8212;&#8212;&#8212;&#8212;&#8212;&#8212;&#8212;&#8212;&#8212;&#8212;&#8212;&#8212;&#8212;&#8212;&#8212;&#8212;&#8212;&#8212;&#8212;&#8212;&#8212;&#8212;&#8212;&#8212;&#8212;&#8211;<\/span><\/p>\n<p><span style=\"line-height: 1.3em;\">VIDAL ENCABEZ\u00d3 CAMPA\u00d1A CONTRA EL TABAQUISMO<\/span><\/p>\n<p><span style=\"line-height: 1.3em;\">La vicejefa de Gobierno de la Ciudad, Mar\u00eda Eugenia Vidal, encabez\u00f3 una campa\u00f1a contra el tabaquismo, en el Rosedal de Palermo, en adhesi\u00f3n al D\u00eda Mundial sin Tabaco.<\/span><span style=\"line-height: 1.3em;\">\u00abHoy la medicina ha hecho avances enormes para ayudar a los que quieren dejar de fumar y se puede recurrir al acompa\u00f1amiento de grupos terap\u00e9uticos\u00bb, explic\u00f3 Vidal al participar de un acto en la estaci\u00f3n saludable del parque Tres de Febrero organizado por el Gobierno porte\u00f1o junto a LALCEC (Liga Argentina de Lucha contra el C\u00e1ncer).<\/span><\/p>\n<p><span style=\"line-height: 1.3em;\">En las estaciones saludables instaladas en parques y plazas de la Ciudad, la gente puede recibir el apoyo de consejer\u00edas sobre salud, especialmente para dejar de fumar. All\u00ed, adem\u00e1s, se hacen mediciones para conocer el nivel de compromiso para su salud que tienen los fumadores.<\/span><span style=\"line-height: 1.3em;\">\u00abDesde el Gobierno de la Ciudad estamos dispuestos a acompa\u00f1arlos\u00bb, reiter\u00f3 Vidal, y aconsej\u00f3 a los fumadores acercarse a las estaciones saludables o a los hospitales p\u00fablicos. Valor\u00f3 tambi\u00e9n el aporte de los ex fumadores, a trav\u00e9s del relato de sus experiencias, que servir\u00e1n para participar de un concurso literario, como manera creativa de aportar a la campa\u00f1a mundial contra el tabaquismo.<\/span><\/p>\n<p><span style=\"line-height: 1.3em;\">FOTO: Acompa\u00f1an a la vicejefa porte\u00f1a, H\u00e9ctor Gatto, director de Desarrollo Saludable; Ana Volpato, de Politicas Sociales de Adicciones; Carlos Russo, subsecretario de Atenci\u00f3n Integrada de la Salud; Florencia Flax Marco, directora de Redes y Programas; Graciela Costa G\u00fcemez, Presidenta Lalcec, y <\/span><span style=\"line-height: 1.3em;\">Marcela Ch\u00e1vez, coordinadora de la Subsecretar\u00eda de Deportes.<\/span><\/p>\n<p><img decoding=\"async\" src=\"images\/stories\/333 vidal - tabaquismo2.jpg\" border=\"0\" align=\"right\" \/><\/p>\n<p><span style=\"line-height: 1.3em;\"> <\/span><\/p>\n","protected":false},"excerpt":{"rendered":"<p>La referente del PRO Mar\u00eda Eugenia Vidal se reuni\u00f3 con el intendente de Tapalqu\u00e9, Gustavo Cocconi (Frente para la Victoria), y destac\u00f3 que con el pr\u00f3ximo presidente \u00abva a venir un per\u00edodo de crecimiento y despegue para la Argentina\u00bb. Adem\u00e1s, volvi\u00f3 a remarcar que \u00aben la provincia de Buenos Aires hay grandes deudas sociales\u00bb.A ser [&hellip;]<\/p>\n","protected":false},"author":2,"featured_media":23495,"comment_status":"open","ping_status":"open","sticky":false,"template":"","format":"standard","meta":{"_et_pb_use_builder":"","_et_pb_old_content":"","_et_gb_content_width":"","footnotes":""},"categories":[11,44],"tags":[],"class_list":["post-26194","post","type-post","status-publish","format-standard","has-post-thumbnail","hentry","category-ciudad","category-funcionarios-de-la-caba"],"_links":{"self":[{"href":"https:\/\/vocesdebaires.com.ar\/index.php\/wp-json\/wp\/v2\/posts\/26194"}],"collection":[{"href":"https:\/\/vocesdebaires.com.ar\/index.php\/wp-json\/wp\/v2\/posts"}],"about":[{"href":"https:\/\/vocesdebaires.com.ar\/index.php\/wp-json\/wp\/v2\/types\/post"}],"author":[{"embeddable":true,"href":"https:\/\/vocesdebaires.com.ar\/index.php\/wp-json\/wp\/v2\/users\/2"}],"replies":[{"embeddable":true,"href":"https:\/\/vocesdebaires.com.ar\/index.php\/wp-json\/wp\/v2\/comments?post=26194"}],"version-history":[{"count":0,"href":"https:\/\/vocesdebaires.com.ar\/index.php\/wp-json\/wp\/v2\/posts\/26194\/revisions"}],"wp:featuredmedia":[{"embeddable":true,"href":"https:\/\/vocesdebaires.com.ar\/index.php\/wp-json\/wp\/v2\/media\/23495"}],"wp:attachment":[{"href":"https:\/\/vocesdebaires.com.ar\/index.php\/wp-json\/wp\/v2\/media?parent=26194"}],"wp:term":[{"taxonomy":"category","embeddable":true,"href":"https:\/\/vocesdebaires.com.ar\/index.php\/wp-json\/wp\/v2\/categories?post=26194"},{"taxonomy":"post_tag","embeddable":true,"href":"https:\/\/vocesdebaires.com.ar\/index.php\/wp-json\/wp\/v2\/tags?post=26194"}],"curies":[{"name":"wp","href":"https:\/\/api.w.org\/{rel}","templated":true}]}}