{"id":26200,"date":"2014-06-03T12:46:06","date_gmt":"2014-06-03T15:46:06","guid":{"rendered":"http:\/\/vocesdebaires.com.ar\/wordpress\/index.php\/2014\/06\/03\/michetti-acompano-a-vidal-en-florencio-varela-2\/"},"modified":"2014-06-03T12:46:06","modified_gmt":"2014-06-03T15:46:06","slug":"michetti-acompano-a-vidal-en-florencio-varela-2","status":"publish","type":"post","link":"https:\/\/vocesdebaires.com.ar\/index.php\/2014\/06\/03\/michetti-acompano-a-vidal-en-florencio-varela-2\/","title":{"rendered":"Michetti acompa\u00f1\u00f3 a Vidal en Florencio Varela"},"content":{"rendered":"<p><span style=\"line-height: 1.3em;\">La referente del PRO Mar\u00eda Eugenia Vidal visit\u00f3 junto con la senadora nacional Gabriela Michetti, el partido de Florencio Varela donde destac\u00f3 que su partido siempre propone \u00abhablar menos y hacer m\u00e1s. Escuchar a los vecinos que sienten el abandono por parte los pol\u00edticos de la Provincia\u201d.<\/span><\/p>\n<p><span style=\"line-height: 1.3em;\">\u201cDesde la ciudad Buenos Aires, la que algunos consideraron chica, no solo le damos respuestas a los porte\u00f1os que viven en ella sino tambi\u00e9n a los miles de bonaerenses que llegan cada d\u00eda a la Ciudad en busca de salud y educaci\u00f3n; donde les garantizamos un transporte mucho m\u00e1s seguro y mejor del que les ofrece la Provincia o el Gobierno nacional con los trenes\u201d, se\u00f1al\u00f3 Vidal luego de reunirse con militantes del PRO en un local partidario ubicado en el centro de Florencio Varela y acompa\u00f1ada por el legislador porte\u00f1o Federico Salvai.<\/span><\/p>\n<p><span style=\"line-height: 1.3em;\">A su vez, durante una reuni\u00f3n que mantuvieron con vecinos organizados en la lucha contra la inseguridad, Michetti manifest\u00f3: \u00abNosotros creemos que hay herramientas para solucionar el problema de la inseguridad. Hay que ponerle limites a los que hacen las cosas mal pero cuando no hay ejemplo en las autoridades p\u00fablicas y la pol\u00edtica es para que algunos pocos se hagan ricos y famosos hay un gran problema, ah\u00ed empieza la inseguridad\u00bb.<\/span><\/p>\n","protected":false},"excerpt":{"rendered":"<p>La referente del PRO Mar\u00eda Eugenia Vidal visit\u00f3 junto con la senadora nacional Gabriela Michetti, el partido de Florencio Varela donde destac\u00f3 que su partido siempre propone \u00abhablar menos y hacer m\u00e1s. Escuchar a los vecinos que sienten el abandono por parte los pol\u00edticos de la Provincia\u201d. \u201cDesde la ciudad Buenos Aires, la que algunos [&hellip;]<\/p>\n","protected":false},"author":2,"featured_media":23506,"comment_status":"open","ping_status":"open","sticky":false,"template":"","format":"standard","meta":{"_et_pb_use_builder":"","_et_pb_old_content":"","_et_gb_content_width":"","footnotes":""},"categories":[11,44],"tags":[],"class_list":["post-26200","post","type-post","status-publish","format-standard","has-post-thumbnail","hentry","category-ciudad","category-funcionarios-de-la-caba"],"_links":{"self":[{"href":"https:\/\/vocesdebaires.com.ar\/index.php\/wp-json\/wp\/v2\/posts\/26200"}],"collection":[{"href":"https:\/\/vocesdebaires.com.ar\/index.php\/wp-json\/wp\/v2\/posts"}],"about":[{"href":"https:\/\/vocesdebaires.com.ar\/index.php\/wp-json\/wp\/v2\/types\/post"}],"author":[{"embeddable":true,"href":"https:\/\/vocesdebaires.com.ar\/index.php\/wp-json\/wp\/v2\/users\/2"}],"replies":[{"embeddable":true,"href":"https:\/\/vocesdebaires.com.ar\/index.php\/wp-json\/wp\/v2\/comments?post=26200"}],"version-history":[{"count":0,"href":"https:\/\/vocesdebaires.com.ar\/index.php\/wp-json\/wp\/v2\/posts\/26200\/revisions"}],"wp:featuredmedia":[{"embeddable":true,"href":"https:\/\/vocesdebaires.com.ar\/index.php\/wp-json\/wp\/v2\/media\/23506"}],"wp:attachment":[{"href":"https:\/\/vocesdebaires.com.ar\/index.php\/wp-json\/wp\/v2\/media?parent=26200"}],"wp:term":[{"taxonomy":"category","embeddable":true,"href":"https:\/\/vocesdebaires.com.ar\/index.php\/wp-json\/wp\/v2\/categories?post=26200"},{"taxonomy":"post_tag","embeddable":true,"href":"https:\/\/vocesdebaires.com.ar\/index.php\/wp-json\/wp\/v2\/tags?post=26200"}],"curies":[{"name":"wp","href":"https:\/\/api.w.org\/{rel}","templated":true}]}}