{"id":26202,"date":"2014-06-03T13:11:34","date_gmt":"2014-06-03T16:11:34","guid":{"rendered":"http:\/\/vocesdebaires.com.ar\/wordpress\/index.php\/2014\/06\/03\/esteban-morgado-personalidad-destaca-de-la-cultura-2\/"},"modified":"2014-06-03T13:11:34","modified_gmt":"2014-06-03T16:11:34","slug":"esteban-morgado-personalidad-destaca-de-la-cultura-2","status":"publish","type":"post","link":"https:\/\/vocesdebaires.com.ar\/index.php\/2014\/06\/03\/esteban-morgado-personalidad-destaca-de-la-cultura-2\/","title":{"rendered":"Esteban Morgado, Personalidad Destaca de la Cultura"},"content":{"rendered":"<p><span style=\"line-height: 1.3em;\">Se realiz\u00f3 ayer por la tarde &#8211; noche, en el sal\u00f3n San Mart\u00edn de la Legislatura porte\u00f1a la entrega del diploma que acredita al m\u00fasico Esteban Morgado como Personalidad Destacada de la cultura de la Ciudad de Buenos Aires. Participaron del reconocimiento los periodistas Enrique Pesoa y Silvina Chediek.<\/span><span style=\"line-height: 1.3em;\">Morgado lleva treinta y ocho a\u00f1os de actividad musical ininterrumpida en los cuales ha desarrollado numerosos trabajos como guitarrista, compositor y \u00a0arreglador. \u00a0\u201cSu extensa trayectoria, la calidad de su trabajo y su destacada labor docente lo hacen merecedor de este reconocimiento\u201d, afirm\u00f3 la diputada Gabriela Alegre.<\/span><\/p>\n<p><span style=\"line-height: 1.3em;\">Como int\u00e9rprete ha trabajado con m\u00fasicos, cantantes y actores de gran prestigio nacional como internacional, tanto en nuestro pa\u00eds como en el extranjero. Algunos de ellos son Alfredo Zitarrosa, Isabel Parra, Ranko Fuchisawa, Susana Rinaldi, Roberto Goyeneche, Le\u00f3n Gieco, Litto Nebbia, Ra\u00fal Lavi\u00e9, Ernesto Acher, Dina Rot y Adriana Varela, entre otros.<\/span><span style=\"line-height: 1.3em;\">En el plano educativo cre\u00f3 un m\u00e9todo de ense\u00f1anza basado en la motivaci\u00f3n y el trabajo personalizado que combinan el estudio de la t\u00e9cnica de ejecuci\u00f3n y la lectura de obras de m\u00fasica popular y cl\u00e1sica, con el estudio de armon\u00eda y tambi\u00e9n de t\u00e9cnicas de improvisaci\u00f3n.<\/span><\/p>\n<p><span style=\"line-height: 1.3em;\">En 1999 cre\u00f3 el \u201cEsteban Morgado Cuarteto\u201d con un sonido particular y renovador del tango. La formaci\u00f3n grab\u00f3 ocho CD\u00b4s por los que recibi\u00f3 tres premios Gardel como mejor artista de tango y realiz\u00f3 numerosas presentaciones en nuestro pa\u00eds y en el extranjero. Tambi\u00e9n lleva escritos m\u00e1s de mil arreglos en distintos g\u00e9neros musicales para guitarra como tango, folklore, rock nacional e internacional, jazz, m\u00fasica brasilera, entre otros.<\/span><\/p>\n<p>Foto : Esteban Morgado al recibir la distinci\u00f3n de Pesonalidad Destacada de la cultura de manos de la diputada Gabriela Alegre<\/p>\n","protected":false},"excerpt":{"rendered":"<p>Se realiz\u00f3 ayer por la tarde &#8211; noche, en el sal\u00f3n San Mart\u00edn de la Legislatura porte\u00f1a la entrega del diploma que acredita al m\u00fasico Esteban Morgado como Personalidad Destacada de la cultura de la Ciudad de Buenos Aires. Participaron del reconocimiento los periodistas Enrique Pesoa y Silvina Chediek.Morgado lleva treinta y ocho a\u00f1os de [&hellip;]<\/p>\n","protected":false},"author":2,"featured_media":23510,"comment_status":"open","ping_status":"open","sticky":false,"template":"","format":"standard","meta":{"_et_pb_use_builder":"","_et_pb_old_content":"","_et_gb_content_width":"","footnotes":""},"categories":[11,44],"tags":[],"class_list":["post-26202","post","type-post","status-publish","format-standard","has-post-thumbnail","hentry","category-ciudad","category-funcionarios-de-la-caba"],"_links":{"self":[{"href":"https:\/\/vocesdebaires.com.ar\/index.php\/wp-json\/wp\/v2\/posts\/26202"}],"collection":[{"href":"https:\/\/vocesdebaires.com.ar\/index.php\/wp-json\/wp\/v2\/posts"}],"about":[{"href":"https:\/\/vocesdebaires.com.ar\/index.php\/wp-json\/wp\/v2\/types\/post"}],"author":[{"embeddable":true,"href":"https:\/\/vocesdebaires.com.ar\/index.php\/wp-json\/wp\/v2\/users\/2"}],"replies":[{"embeddable":true,"href":"https:\/\/vocesdebaires.com.ar\/index.php\/wp-json\/wp\/v2\/comments?post=26202"}],"version-history":[{"count":0,"href":"https:\/\/vocesdebaires.com.ar\/index.php\/wp-json\/wp\/v2\/posts\/26202\/revisions"}],"wp:featuredmedia":[{"embeddable":true,"href":"https:\/\/vocesdebaires.com.ar\/index.php\/wp-json\/wp\/v2\/media\/23510"}],"wp:attachment":[{"href":"https:\/\/vocesdebaires.com.ar\/index.php\/wp-json\/wp\/v2\/media?parent=26202"}],"wp:term":[{"taxonomy":"category","embeddable":true,"href":"https:\/\/vocesdebaires.com.ar\/index.php\/wp-json\/wp\/v2\/categories?post=26202"},{"taxonomy":"post_tag","embeddable":true,"href":"https:\/\/vocesdebaires.com.ar\/index.php\/wp-json\/wp\/v2\/tags?post=26202"}],"curies":[{"name":"wp","href":"https:\/\/api.w.org\/{rel}","templated":true}]}}