{"id":26207,"date":"2014-06-05T18:22:37","date_gmt":"2014-06-05T21:22:37","guid":{"rendered":"http:\/\/vocesdebaires.com.ar\/wordpress\/index.php\/2014\/06\/05\/cuna-del-arte-y-la-pasion-xeneize-2\/"},"modified":"2014-06-05T18:22:37","modified_gmt":"2014-06-05T21:22:37","slug":"cuna-del-arte-y-la-pasion-xeneize-2","status":"publish","type":"post","link":"https:\/\/vocesdebaires.com.ar\/index.php\/2014\/06\/05\/cuna-del-arte-y-la-pasion-xeneize-2\/","title":{"rendered":"Cuna del Arte y la Pasi\u00f3n Xeneize"},"content":{"rendered":"<p><span style=\"line-height: 1.3em;\">El concurso convoc\u00f3 a m\u00e1s de 130 artistas de todo el pa\u00eds y resultaron ganadores: Gisela Banzer, con el primer puesto; Mayra Heras, con el segundo lugar y Mar\u00eda Jos\u00e9 Miranda se qued\u00f3 finalmente con el tercer premio. \u00abCon este concurso se busca, as\u00ed, dar importancia a la cultura como parte fundamental para poder ejercitar la sensibilidad, el entendimiento, el razonamiento y la comunicaci\u00f3n que se necesita en nuestro comportamiento social, entendiendo que la cultura engendra progreso y sin ella no cabe exigir de los pueblos ninguna conducta moral\u00bb, sostienen los fundamentos de la iniciativa.<\/span><\/p>\n<p>Los ganadores debieron presentar una obra inspirada en \u201cLa Boca, Cuna del Arte y la Pasi\u00f3n xeneize\u201d dentro de la disciplina pintura, seg\u00fan las bases del concurso que fue declarado de inter\u00e9s cultural por la Legislatura porte\u00f1a. El diputado Oscar Moscariello, que adem\u00e1s ejerce la Vicepresidencia de Boca Juniors destac\u00f3: \u00abQuiero agradecerle a todos los artistas que han aceptado la convocatoria del club. Hoy tenemos que premiar a distinguidos artistas, todos con su estilo y arte han hecho con su inspiraci\u00f3n lo que Boca significa. Estas obras van a formar parte de la pinacoteca que el club tiene por a\u00f1os\u00bb.<\/p>\n<p>La selecci\u00f3n de las obras ganadoras estuvo a cargo de un Honorable Jurado de Selecci\u00f3n y Premios, integrado por Juan Doffo, Salvador Constanzo, Javier V\u00e1zquez y V\u00edctor Fern\u00e1ndez, junto a la Presidenta del departamento de Cultura de la instituci\u00f3n, Luc\u00eda Elena De Marco.<\/p>\n<p>\u00abResulta importante destacar que la ciudad Aut\u00f3noma de Buenos Aires es una de las principales metr\u00f3polis culturales de occidente, que tiene el privilegio de contar con los espacios m\u00e1s emblem\u00e1ticos del mundo en lo que a arte se refiere; y el Barrio de La Boca refiere en ese aspecto un aporte insustituible, \u00a0por ser una fuente permanente de inspiraci\u00f3n art\u00edstica y cultural, en tanto su sensibilidad por el arte ha permitido a artistas pl\u00e1sticos, m\u00fasicos, poetas, ocupar lugares significantes en el sentir nacional\u00bb, agregan los fundamentos de la declaraci\u00f3n.<\/p>\n<p>Foto : El diputado Oscar Moscariello (PRO) encabez\u00f3 el acto de premiaci\u00f3n, esta tarde en el sal\u00f3n Presidente Per\u00f3n de la Legislatura porte\u00f1a<\/p>\n","protected":false},"excerpt":{"rendered":"<p>El concurso convoc\u00f3 a m\u00e1s de 130 artistas de todo el pa\u00eds y resultaron ganadores: Gisela Banzer, con el primer puesto; Mayra Heras, con el segundo lugar y Mar\u00eda Jos\u00e9 Miranda se qued\u00f3 finalmente con el tercer premio. \u00abCon este concurso se busca, as\u00ed, dar importancia a la cultura como parte fundamental para poder ejercitar [&hellip;]<\/p>\n","protected":false},"author":2,"featured_media":23519,"comment_status":"open","ping_status":"open","sticky":false,"template":"","format":"standard","meta":{"_et_pb_use_builder":"","_et_pb_old_content":"","_et_gb_content_width":"","footnotes":""},"categories":[11,44],"tags":[],"class_list":["post-26207","post","type-post","status-publish","format-standard","has-post-thumbnail","hentry","category-ciudad","category-funcionarios-de-la-caba"],"_links":{"self":[{"href":"https:\/\/vocesdebaires.com.ar\/index.php\/wp-json\/wp\/v2\/posts\/26207"}],"collection":[{"href":"https:\/\/vocesdebaires.com.ar\/index.php\/wp-json\/wp\/v2\/posts"}],"about":[{"href":"https:\/\/vocesdebaires.com.ar\/index.php\/wp-json\/wp\/v2\/types\/post"}],"author":[{"embeddable":true,"href":"https:\/\/vocesdebaires.com.ar\/index.php\/wp-json\/wp\/v2\/users\/2"}],"replies":[{"embeddable":true,"href":"https:\/\/vocesdebaires.com.ar\/index.php\/wp-json\/wp\/v2\/comments?post=26207"}],"version-history":[{"count":0,"href":"https:\/\/vocesdebaires.com.ar\/index.php\/wp-json\/wp\/v2\/posts\/26207\/revisions"}],"wp:featuredmedia":[{"embeddable":true,"href":"https:\/\/vocesdebaires.com.ar\/index.php\/wp-json\/wp\/v2\/media\/23519"}],"wp:attachment":[{"href":"https:\/\/vocesdebaires.com.ar\/index.php\/wp-json\/wp\/v2\/media?parent=26207"}],"wp:term":[{"taxonomy":"category","embeddable":true,"href":"https:\/\/vocesdebaires.com.ar\/index.php\/wp-json\/wp\/v2\/categories?post=26207"},{"taxonomy":"post_tag","embeddable":true,"href":"https:\/\/vocesdebaires.com.ar\/index.php\/wp-json\/wp\/v2\/tags?post=26207"}],"curies":[{"name":"wp","href":"https:\/\/api.w.org\/{rel}","templated":true}]}}