{"id":26235,"date":"2014-06-11T13:56:32","date_gmt":"2014-06-11T16:56:32","guid":{"rendered":"http:\/\/vocesdebaires.com.ar\/wordpress\/index.php\/2014\/06\/11\/el-expresidente-uruguayo-tabare-vazquez-fue-huesped-de-honor-2\/"},"modified":"2014-06-11T13:56:32","modified_gmt":"2014-06-11T16:56:32","slug":"el-expresidente-uruguayo-tabare-vazquez-fue-huesped-de-honor-2","status":"publish","type":"post","link":"https:\/\/vocesdebaires.com.ar\/index.php\/2014\/06\/11\/el-expresidente-uruguayo-tabare-vazquez-fue-huesped-de-honor-2\/","title":{"rendered":"El expresidente uruguayo Tabar\u00e9 V\u00e1zquez fue Hu\u00e9sped de Honor"},"content":{"rendered":"<p><span style=\"line-height: 1.3em;\">El Vicepresidente Primero de la Legislatura, diputado Cristian Ritondo, entreg\u00f3 ayer por la tarde la distinci\u00f3n de Hu\u00e9sped de Honor de la Ciudad Aut\u00f3noma de Buenos Aires al Dr. Tabar\u00e9 Ram\u00f3n V\u00e1zquez Rosas, m\u00e9dico onc\u00f3logo y pol\u00edtico, expresidente de la Republica Oriental del Uruguay, en el marco de su visita a esta Ciudad que se extiende hasta ma\u00f1ana. El acto cont\u00f3 con la presencia de los diputados de la Naci\u00f3n, Patricia Bullrich (Uni\u00f3n por Todos) y Roy Cortina (Partido Socialista), y de los legisladores Jorge Garayalde (PRO), Edgardo Form (NE) y An\u00edbal Ibarra (FPP).<\/span><\/p>\n<p>Vale destacar que el pasado 5 de junio, el Dr. Tabar\u00e9 V\u00e1zquez fue distinguido en la Universidad espa\u00f1ola de Salamanca como Doctor \u00abHonoris Causa\u00bb y el pr\u00f3ximo 11 de junio recibir\u00e1 la distinci\u00f3n \u00abDoctor Honoris Causa en Comunicaci\u00f3n en Salud\u00bb por parte de la Facultad de Ciencias de la Salud de la Universidad Maim\u00f3nides, acompa\u00f1ada por la Sociedad Argentina de Periodismo M\u00e9dico (SAPEM).<\/p>\n<p>Respecto a esta distinci\u00f3n, el diputado Ritondo destac\u00f3 que Tabar\u00e9 V\u00e1zquez posee \u00abmoderaci\u00f3n pol\u00edtica, que junto a su firmeza en la decisi\u00f3n, son proverbiales no s\u00f3lo para el querido pueblo de Uruguay, sino para los restantes pa\u00edses que conforman el concierto internacional de estos tiempos\u00bb en tanto que \u00absu presencia nos llena de orgullo y nos orienta a encaminarnos para seguir los pasos que ha marcado con sus acciones y aspiraciones\u00bb. En el mismo sentido agreg\u00f3 Ritondo que \u00abes un honor como argentino y porte\u00f1o recibirlo en la casa de la democracia de la Ciudad de Buenos Aires. Es un hermano latinoamericano que construy\u00f3 lazos entre Uruguay y Argentina. Su serenidad lo hace una personalidad distinta\u00bb.<\/p>\n<p><span style=\"line-height: 1.3em;\">Por su parte, el expresidente uruguayo expres\u00f3: \u00abDe coraz\u00f3n y con mucho afecto agradezco a la Legislatura la condici\u00f3n de Hu\u00e9sped de Honor con que me honran en este edificio con tanta historia. Perm\u00edtanme decirles que no me siento visitante en esta ciudad hermosa de Buenos Aires. Esta es nuestra casa y la unidad entre Argentina y Uruguay no hay quien la separe\u00bb. Adem\u00e1s Tabar\u00e9 V\u00e1zquez agreg\u00f3: \u00abHoy estoy con el mismo entusiasmo y convicci\u00f3n que la primera vez que vine\u00bb.<\/span><\/p>\n<p><span style=\"line-height: 1.3em;\">Foto : Tabar\u00e9 V\u00e1zquez al momento de recibir el diploma que lo reconoce como H\u00faesped de Honor de manos del Vicepresidente 1\u00ba de la Legislatura porte\u00f1a, diputado Cristian Ritondo (PRO)<\/span><\/p>\n","protected":false},"excerpt":{"rendered":"<p>El Vicepresidente Primero de la Legislatura, diputado Cristian Ritondo, entreg\u00f3 ayer por la tarde la distinci\u00f3n de Hu\u00e9sped de Honor de la Ciudad Aut\u00f3noma de Buenos Aires al Dr. Tabar\u00e9 Ram\u00f3n V\u00e1zquez Rosas, m\u00e9dico onc\u00f3logo y pol\u00edtico, expresidente de la Republica Oriental del Uruguay, en el marco de su visita a esta Ciudad que se [&hellip;]<\/p>\n","protected":false},"author":2,"featured_media":23571,"comment_status":"open","ping_status":"open","sticky":false,"template":"","format":"standard","meta":{"_et_pb_use_builder":"","_et_pb_old_content":"","_et_gb_content_width":"","footnotes":""},"categories":[11,44],"tags":[],"class_list":["post-26235","post","type-post","status-publish","format-standard","has-post-thumbnail","hentry","category-ciudad","category-funcionarios-de-la-caba"],"_links":{"self":[{"href":"https:\/\/vocesdebaires.com.ar\/index.php\/wp-json\/wp\/v2\/posts\/26235"}],"collection":[{"href":"https:\/\/vocesdebaires.com.ar\/index.php\/wp-json\/wp\/v2\/posts"}],"about":[{"href":"https:\/\/vocesdebaires.com.ar\/index.php\/wp-json\/wp\/v2\/types\/post"}],"author":[{"embeddable":true,"href":"https:\/\/vocesdebaires.com.ar\/index.php\/wp-json\/wp\/v2\/users\/2"}],"replies":[{"embeddable":true,"href":"https:\/\/vocesdebaires.com.ar\/index.php\/wp-json\/wp\/v2\/comments?post=26235"}],"version-history":[{"count":0,"href":"https:\/\/vocesdebaires.com.ar\/index.php\/wp-json\/wp\/v2\/posts\/26235\/revisions"}],"wp:featuredmedia":[{"embeddable":true,"href":"https:\/\/vocesdebaires.com.ar\/index.php\/wp-json\/wp\/v2\/media\/23571"}],"wp:attachment":[{"href":"https:\/\/vocesdebaires.com.ar\/index.php\/wp-json\/wp\/v2\/media?parent=26235"}],"wp:term":[{"taxonomy":"category","embeddable":true,"href":"https:\/\/vocesdebaires.com.ar\/index.php\/wp-json\/wp\/v2\/categories?post=26235"},{"taxonomy":"post_tag","embeddable":true,"href":"https:\/\/vocesdebaires.com.ar\/index.php\/wp-json\/wp\/v2\/tags?post=26235"}],"curies":[{"name":"wp","href":"https:\/\/api.w.org\/{rel}","templated":true}]}}