{"id":26242,"date":"2014-06-12T13:55:44","date_gmt":"2014-06-12T16:55:44","guid":{"rendered":"http:\/\/vocesdebaires.com.ar\/wordpress\/index.php\/2014\/06\/12\/memoria-donan-actas-de-la-junta-militar-a-la-legislatura-2\/"},"modified":"2014-06-12T13:55:44","modified_gmt":"2014-06-12T16:55:44","slug":"memoria-donan-actas-de-la-junta-militar-a-la-legislatura-2","status":"publish","type":"post","link":"https:\/\/vocesdebaires.com.ar\/index.php\/2014\/06\/12\/memoria-donan-actas-de-la-junta-militar-a-la-legislatura-2\/","title":{"rendered":"Memoria: Donan Actas de la Junta Militar a la Legislatura"},"content":{"rendered":"<p><span style=\"line-height: 1.3em;\">En un acto p\u00fablico desarrollado en el Sal\u00f3n \u00abMontevideo\u00bb del Palacio Legislativo en el marco de la iniciativa \u201cArchivos Abiertos\u201d, el Ministro de Defensa de la Naci\u00f3n, ingeniero Agust\u00edn Rossi, hizo entrega a las autoridades de la Legislatura porte\u00f1a de ejemplares de \u201cActas de la Junta Militar\u201d, el informe \u201cAntecedentes, fundamentos y alcances para un esquema de Proyecto Nacional\u201d producido por la Asociaci\u00f3n de Bancos de la Argentina -AdeBA- en 1978 y tambi\u00e9n las denominadas \u201cListas Negras\u201d de artistas, intelectuales, m\u00fasicos y periodistas.<\/span><\/p>\n<p>El Ministro destac\u00f3 luego de hacer entrega de la documentaci\u00f3n a las autoridades legislativas que \u00abla construcci\u00f3n de la memoria es permanente y din\u00e1mica\u00bb, luego subray\u00f3 que con este hallazgo se \u00abfortalece la esperanza de encontrar lo que falta\u00bb. En tanto, refiri\u00f3 que el avance en la difusi\u00f3n de esta documentaci\u00f3n es una referencia en Am\u00e9rica y en Espa\u00f1a. Adem\u00e1s inform\u00f3 que la totalidad de la informaci\u00f3n puede consultarse en www.archivosabiertos.com.<\/p>\n<p>Por su parte, el Vicepresidente Segundo de la Legislatura, diputado Juan Carlos Dante Gullo (FpV), al recibir la compilaci\u00f3n de documentaci\u00f3n, agradeci\u00f3 al funcionario nacional y asegur\u00f3 \u00abesta casa est\u00e1 abierta para preservar, aunque sea en letra, el nombre de muchos de nuestros compa\u00f1eros\u00bb. Luego, el diputado Gabriel Fucks (FpV), autor de la iniciativa para que la Legislatura recibiera la documentaci\u00f3n reafirm\u00f3: \u00abSigue apareciendo informaci\u00f3n por lo que se puede saldar la memoria de todos los compa\u00f1eros\u00bb. Estuvieron tambi\u00e9n presentes los diputados An\u00edbal Ibarra (FPP), Jos\u00e9 Campagnoli (NE), Gabriela Alegre (FpV), la Directora de Derechos Humanos del Ministerio de Defensa de la Naci\u00f3n, Estela Segado y el diputado Pablo Ferreyra (IP).<\/p>\n<p>Esta serie de archivos clasificados como \u00absecretos\u00bb con documentaci\u00f3n emanada de la dictadura c\u00edvico-militar que asol\u00f3 nuestro pa\u00eds entre 1976 y 1983, fueron hallados el 31 de octubre de 2013 mientras se realizaban tareas de mantenimiento en el subsuelo del edificio C\u00f3ndor, sede de la Fuerza A\u00e9rea Argentina. El Jefe de Estado Mayor General de la Fuerza A\u00e9rea, Brigadier Mayor Mario Callejo, se contact\u00f3 inmediatamente con el Ministro de Defensa de la Naci\u00f3n para comunicarle el hallazgo y \u00e9ste en cumplimiento de las pol\u00edticas de Memoria, Verdad y Justicia ha relevado, compilado y editado la documentaci\u00f3n hallada haciendo entrega de ellas a las instituciones de la democracia.<\/p>\n<p>La Legislatura de la Ciudad Aut\u00f3noma de Buenos Aires durante la sesi\u00f3n ordinaria del pasado 22 de mayo aprob\u00f3 una resoluci\u00f3n que acepta la donaci\u00f3n de los seis tomos que recogen las 280 \u201cActas de la Junta Militar\u201d, el informe \u201cAntecedentes, fundamentos y alcances para un esquema de Proyecto Nacional\u201d, producido por la Asociaci\u00f3n de Bancos de la Argentina -AdeBA- en 1978 e hizo lo propio tambi\u00e9n con las denominadas \u201cListas Negras\u201d de artistas, intelectuales, m\u00fasicos y periodistas.<\/p>\n<p>El diputado Fuks (FpV), autor del proyecto aprobado sobre tablas por la unanimidad del Cuerpo parlamentario hab\u00eda expresado al fundamentar la propuesta: \u00abDestacamos la importancia social que tiene el hallazgo de estos archivos para llegar a la verdad y alimentar la memoria colectiva\u00bb. \u00abAdem\u00e1s habr\u00e1n de constituirse en herramientas necesarias para difundir y conocer sobre nuestra historia nos fortalece como sociedad y nos impulsa ante el mundo, una vez m\u00e1s, como el pa\u00eds que no olvida, ni perdona los delitos de lesa humanidad cometidos hace m\u00e1s de 30 a\u00f1os\u00bb.<span style=\"line-height: 1.3em;\">El compilado de singular valor hist\u00f3rico fue efectuado por el Ministerio de Defensa de la Naci\u00f3n, en el marco de la iniciativa \u201cArchivos Abiertos\u201d, a favor de la Biblioteca \u00abEsteban Echeverr\u00eda\u00bb dependiente de la Direcci\u00f3n General de Cultura de la Legislatura porte\u00f1a.<\/span><\/p>\n<p>Foto: El Vicepresidente II, diputado Juan Carlos Dante Gullo (FpV) recibe de manos del ministro Rossi (der) las \u201cActas de la Junta Militar\u201d<\/p>\n","protected":false},"excerpt":{"rendered":"<p>En un acto p\u00fablico desarrollado en el Sal\u00f3n \u00abMontevideo\u00bb del Palacio Legislativo en el marco de la iniciativa \u201cArchivos Abiertos\u201d, el Ministro de Defensa de la Naci\u00f3n, ingeniero Agust\u00edn Rossi, hizo entrega a las autoridades de la Legislatura porte\u00f1a de ejemplares de \u201cActas de la Junta Militar\u201d, el informe \u201cAntecedentes, fundamentos y alcances para un [&hellip;]<\/p>\n","protected":false},"author":2,"featured_media":23583,"comment_status":"open","ping_status":"open","sticky":false,"template":"","format":"standard","meta":{"_et_pb_use_builder":"","_et_pb_old_content":"","_et_gb_content_width":"","footnotes":""},"categories":[11,44],"tags":[],"class_list":["post-26242","post","type-post","status-publish","format-standard","has-post-thumbnail","hentry","category-ciudad","category-funcionarios-de-la-caba"],"_links":{"self":[{"href":"https:\/\/vocesdebaires.com.ar\/index.php\/wp-json\/wp\/v2\/posts\/26242"}],"collection":[{"href":"https:\/\/vocesdebaires.com.ar\/index.php\/wp-json\/wp\/v2\/posts"}],"about":[{"href":"https:\/\/vocesdebaires.com.ar\/index.php\/wp-json\/wp\/v2\/types\/post"}],"author":[{"embeddable":true,"href":"https:\/\/vocesdebaires.com.ar\/index.php\/wp-json\/wp\/v2\/users\/2"}],"replies":[{"embeddable":true,"href":"https:\/\/vocesdebaires.com.ar\/index.php\/wp-json\/wp\/v2\/comments?post=26242"}],"version-history":[{"count":0,"href":"https:\/\/vocesdebaires.com.ar\/index.php\/wp-json\/wp\/v2\/posts\/26242\/revisions"}],"wp:featuredmedia":[{"embeddable":true,"href":"https:\/\/vocesdebaires.com.ar\/index.php\/wp-json\/wp\/v2\/media\/23583"}],"wp:attachment":[{"href":"https:\/\/vocesdebaires.com.ar\/index.php\/wp-json\/wp\/v2\/media?parent=26242"}],"wp:term":[{"taxonomy":"category","embeddable":true,"href":"https:\/\/vocesdebaires.com.ar\/index.php\/wp-json\/wp\/v2\/categories?post=26242"},{"taxonomy":"post_tag","embeddable":true,"href":"https:\/\/vocesdebaires.com.ar\/index.php\/wp-json\/wp\/v2\/tags?post=26242"}],"curies":[{"name":"wp","href":"https:\/\/api.w.org\/{rel}","templated":true}]}}