{"id":26245,"date":"2014-06-12T16:53:38","date_gmt":"2014-06-12T19:53:38","guid":{"rendered":"http:\/\/vocesdebaires.com.ar\/wordpress\/index.php\/2014\/06\/12\/fiesta-de-inauguracion-del-mundial-brasil-2014-2\/"},"modified":"2014-06-12T16:53:38","modified_gmt":"2014-06-12T19:53:38","slug":"fiesta-de-inauguracion-del-mundial-brasil-2014-2","status":"publish","type":"post","link":"https:\/\/vocesdebaires.com.ar\/index.php\/2014\/06\/12\/fiesta-de-inauguracion-del-mundial-brasil-2014-2\/","title":{"rendered":"Fiesta de inauguraci\u00f3n del Mundial Brasil 2014"},"content":{"rendered":"<p><span style=\"line-height: 1.3em;\">La fiesta inaugural del Mundial de Brasil 2014 se realizar\u00e1 hoy desde las 15.15 en el estadio Arena Corinthians de San Pablo, y ofrecer\u00e1 una gigantesco show y mucha emoci\u00f3n, en lo que fue calificado como \u00abuna sorpresa para el mundo\u00bb.<\/span><span style=\"line-height: 1.3em;\">Seg\u00fan explic\u00f3 la coreagrafa belga Daphn\u00e9 Cornez, directora art\u00edstica del espect\u00e1culo, se le rendir\u00e1 \u00abun homenaje a Brasil y a sus tesoros: la naturaleza, la danza y el f\u00fatbol\u00bb.<\/span><\/p>\n<p><span style=\"line-height: 1.3em;\">\u00abLa danza con sus or\u00edgenes variados, la gran diversidad de vegetaci\u00f3n y el f\u00fatbol, que refleja la alegr\u00eda, son los tesoros que tiene Brasil\u00bb, expres\u00f3 Cornez, quien no dio mayores detalles de los contenidos de la fiesta.<\/span><span style=\"line-height: 1.3em;\">La FIFA, en tanto, explic\u00f3 en su sitio oficial que participar\u00e1n 600 artistas, gimnastas y especialistas de Capoeira, acompa\u00f1ados por m\u00fasica aut\u00f3ctona, y confirm\u00f3 que la cantante estadounidense Jennifer Lopez acompa\u00f1ar\u00e1 a su compatriota el rapero Pitbull, y a la brasile\u00f1a Claudia Leitte para entonar el tema de la Copa. Tambi\u00e9n se apunt\u00f3 que el elemento principal de la representaci\u00f3n art\u00edstica ser\u00e1 \u00abuna pelota viva\u00bb, con una bola central de LED que cuenta con m\u00e1s de 90.000 cl\u00fasteres con 7.000 nits de luminosidad y que se mover\u00e1 durante los 25 minutos del espect\u00e1culo.<\/span><\/p>\n<p><span style=\"line-height: 1.3em;\">La ceremonia inaugural ser\u00e1 presenciada por unas 65 mil personas, incluyendo a la presidenta de Brasil, Dilma Rousseff, y otros 20 jefes de estado, y ser\u00e1 retransmitida televisivamente a m\u00e1s de 200 pa\u00edses.<\/span><span style=\"line-height: 1.3em;\">Tras la ceremonia, el puntapi\u00e9 inicial del Mundial estar\u00e1 a cargo de un joven parapl\u00e9jico que se levantar\u00e1 de su silla de ruedas y caminar\u00e1 ayudado con un exoesqueleto, una especie de vestido rob\u00f3tico especial desarrollado por un grupo de 156 cient\u00edficos de todo el mundo comandados por el neurocient\u00edfico brasile\u00f1o Miguel Nicolelis. <\/span><span style=\"line-height: 1.3em;\">Minutos despu\u00e9s, Brasil y Croacia estar\u00e1n dando el puntapi\u00e9 inicial del certamen.<\/span><\/p>\n","protected":false},"excerpt":{"rendered":"<p>La fiesta inaugural del Mundial de Brasil 2014 se realizar\u00e1 hoy desde las 15.15 en el estadio Arena Corinthians de San Pablo, y ofrecer\u00e1 una gigantesco show y mucha emoci\u00f3n, en lo que fue calificado como \u00abuna sorpresa para el mundo\u00bb.Seg\u00fan explic\u00f3 la coreagrafa belga Daphn\u00e9 Cornez, directora art\u00edstica del espect\u00e1culo, se le rendir\u00e1 \u00abun [&hellip;]<\/p>\n","protected":false},"author":2,"featured_media":23589,"comment_status":"open","ping_status":"open","sticky":false,"template":"","format":"standard","meta":{"_et_pb_use_builder":"","_et_pb_old_content":"","_et_gb_content_width":"","footnotes":""},"categories":[14,50],"tags":[],"class_list":["post-26245","post","type-post","status-publish","format-standard","has-post-thumbnail","hentry","category-deportes","category-futbol-internacional-2"],"_links":{"self":[{"href":"https:\/\/vocesdebaires.com.ar\/index.php\/wp-json\/wp\/v2\/posts\/26245"}],"collection":[{"href":"https:\/\/vocesdebaires.com.ar\/index.php\/wp-json\/wp\/v2\/posts"}],"about":[{"href":"https:\/\/vocesdebaires.com.ar\/index.php\/wp-json\/wp\/v2\/types\/post"}],"author":[{"embeddable":true,"href":"https:\/\/vocesdebaires.com.ar\/index.php\/wp-json\/wp\/v2\/users\/2"}],"replies":[{"embeddable":true,"href":"https:\/\/vocesdebaires.com.ar\/index.php\/wp-json\/wp\/v2\/comments?post=26245"}],"version-history":[{"count":0,"href":"https:\/\/vocesdebaires.com.ar\/index.php\/wp-json\/wp\/v2\/posts\/26245\/revisions"}],"wp:featuredmedia":[{"embeddable":true,"href":"https:\/\/vocesdebaires.com.ar\/index.php\/wp-json\/wp\/v2\/media\/23589"}],"wp:attachment":[{"href":"https:\/\/vocesdebaires.com.ar\/index.php\/wp-json\/wp\/v2\/media?parent=26245"}],"wp:term":[{"taxonomy":"category","embeddable":true,"href":"https:\/\/vocesdebaires.com.ar\/index.php\/wp-json\/wp\/v2\/categories?post=26245"},{"taxonomy":"post_tag","embeddable":true,"href":"https:\/\/vocesdebaires.com.ar\/index.php\/wp-json\/wp\/v2\/tags?post=26245"}],"curies":[{"name":"wp","href":"https:\/\/api.w.org\/{rel}","templated":true}]}}