{"id":26246,"date":"2014-06-12T17:17:59","date_gmt":"2014-06-12T20:17:59","guid":{"rendered":"http:\/\/vocesdebaires.com.ar\/wordpress\/index.php\/2014\/06\/12\/brasil-y-croacia-dan-inicio-a-la-copa-del-mundo-2\/"},"modified":"2014-06-12T17:17:59","modified_gmt":"2014-06-12T20:17:59","slug":"brasil-y-croacia-dan-inicio-a-la-copa-del-mundo-2","status":"publish","type":"post","link":"https:\/\/vocesdebaires.com.ar\/index.php\/2014\/06\/12\/brasil-y-croacia-dan-inicio-a-la-copa-del-mundo-2\/","title":{"rendered":"Brasil y Croacia dan inicio a la Copa del Mundo"},"content":{"rendered":"<p><span style=\"line-height: 1.3em;\">Hoy a las 17, comienza la Copa Mundial FIFA 2014, con el encuentro entre Brasil y Croacia por el Grupo A. El partido se disputar\u00e1 en el estadio Arena Sao Pablo, con el arbitraje del japon\u00e9s Yuichi Nishimiru.<\/span><\/p>\n<p><span style=\"line-height: 1.3em;\">\u00c1rbitro: Yuichi NISHIMURA (Jap\u00f3n)<\/span><\/p>\n<p>\u00c1rbitro asistente 1: Toru SAGARA (Jap\u00f3n)<\/p>\n<p>\u00c1rbitro asistente 2: Toshiyuki NAGI (Jap\u00f3n)<\/p>\n<p>Estadio: Arena Sao Paulo<\/p>\n<p>Con<span style=\"line-height: 1.3em;\"> gran <\/span>expectativa<span style=\"line-height: 1.3em;\"> tanto <\/span>futbolista<span style=\"line-height: 1.3em;\"> , como <\/span>pol\u00edtica<span style=\"line-height: 1.3em;\"> por la <\/span>situaci\u00f3n<span style=\"line-height: 1.3em;\"> que se esta viviendo en Brasil por varias protestas , <\/span>as\u00ed<span style=\"line-height: 1.3em;\"> comienza el Mundial de Brasil. <\/span><\/p>\n","protected":false},"excerpt":{"rendered":"<p>Hoy a las 17, comienza la Copa Mundial FIFA 2014, con el encuentro entre Brasil y Croacia por el Grupo A. El partido se disputar\u00e1 en el estadio Arena Sao Pablo, con el arbitraje del japon\u00e9s Yuichi Nishimiru. \u00c1rbitro: Yuichi NISHIMURA (Jap\u00f3n) \u00c1rbitro asistente 1: Toru SAGARA (Jap\u00f3n) \u00c1rbitro asistente 2: Toshiyuki NAGI (Jap\u00f3n) Estadio: [&hellip;]<\/p>\n","protected":false},"author":2,"featured_media":23591,"comment_status":"open","ping_status":"open","sticky":false,"template":"","format":"standard","meta":{"_et_pb_use_builder":"","_et_pb_old_content":"","_et_gb_content_width":"","footnotes":""},"categories":[14,50],"tags":[],"class_list":["post-26246","post","type-post","status-publish","format-standard","has-post-thumbnail","hentry","category-deportes","category-futbol-internacional-2"],"_links":{"self":[{"href":"https:\/\/vocesdebaires.com.ar\/index.php\/wp-json\/wp\/v2\/posts\/26246"}],"collection":[{"href":"https:\/\/vocesdebaires.com.ar\/index.php\/wp-json\/wp\/v2\/posts"}],"about":[{"href":"https:\/\/vocesdebaires.com.ar\/index.php\/wp-json\/wp\/v2\/types\/post"}],"author":[{"embeddable":true,"href":"https:\/\/vocesdebaires.com.ar\/index.php\/wp-json\/wp\/v2\/users\/2"}],"replies":[{"embeddable":true,"href":"https:\/\/vocesdebaires.com.ar\/index.php\/wp-json\/wp\/v2\/comments?post=26246"}],"version-history":[{"count":0,"href":"https:\/\/vocesdebaires.com.ar\/index.php\/wp-json\/wp\/v2\/posts\/26246\/revisions"}],"wp:featuredmedia":[{"embeddable":true,"href":"https:\/\/vocesdebaires.com.ar\/index.php\/wp-json\/wp\/v2\/media\/23591"}],"wp:attachment":[{"href":"https:\/\/vocesdebaires.com.ar\/index.php\/wp-json\/wp\/v2\/media?parent=26246"}],"wp:term":[{"taxonomy":"category","embeddable":true,"href":"https:\/\/vocesdebaires.com.ar\/index.php\/wp-json\/wp\/v2\/categories?post=26246"},{"taxonomy":"post_tag","embeddable":true,"href":"https:\/\/vocesdebaires.com.ar\/index.php\/wp-json\/wp\/v2\/tags?post=26246"}],"curies":[{"name":"wp","href":"https:\/\/api.w.org\/{rel}","templated":true}]}}