{"id":26253,"date":"2014-06-13T12:21:32","date_gmt":"2014-06-13T15:21:32","guid":{"rendered":"http:\/\/vocesdebaires.com.ar\/wordpress\/index.php\/2014\/06\/13\/placas-a-franca-jarach-y-a-pichuco-troilo-2\/"},"modified":"2014-06-13T12:21:32","modified_gmt":"2014-06-13T15:21:32","slug":"placas-a-franca-jarach-y-a-pichuco-troilo-2","status":"publish","type":"post","link":"https:\/\/vocesdebaires.com.ar\/index.php\/2014\/06\/13\/placas-a-franca-jarach-y-a-pichuco-troilo-2\/","title":{"rendered":"Placas a Franca Jarach y a \u00abPichuco\u00bb Troilo"},"content":{"rendered":"<p><span style=\"line-height: 1.3em;\">La colocaci\u00f3n de una placa en memoria de Franca Jarach en la calle Sucre entre Virrey V\u00e9rtiz y 11 de septiembre sobre la Plazoleta Gral. A. J Sucre, con la leyenda: \u00abEste jacarand\u00e1 recuerda a Franca Jarach detenida desaparecida por el terrorismo de Estado el 25 de Junio de 1976\u00bb, fue dispuesta hoy por el cuerpo legislativo porte\u00f1o.<\/span><\/p>\n<p><span style=\"line-height: 1.3em;\">Franca Jarach naci\u00f3 el 19 de diciembre de 1957. Su mam\u00e1, Vera Vigevani de Jarach, Madre de Plaza de Mayo y Personalidad Destacada de la Ciudad de Buenos Aires, cuenta que siempre sobresali\u00f3 \u00abpor ser una joven muy creativa y estudiosa, que estaba convencida de que a partir de la educaci\u00f3n y de la solidaridad se pod\u00eda cambiar el mundo y en pos de ello luch\u00f3\u00bb. Cursaba en el Colegio Nacional con un promedio cercano a diez y fue abanderada. Desde primer a\u00f1o fue delegada en el Centro de Estudiantes e integr\u00f3 la UES (Uni\u00f3n de Estudiantes Secundarios) de la que fue echada tras la misi\u00f3n Ivanissevich que intervino todas las casas de estudios. En su \u00faltimo a\u00f1o, amonestada por participar de una asamblea estudiantil que se desarroll\u00f3 durante tres d\u00edas fue expulsada. Termin\u00f3 la secundaria dando ex\u00e1menes libres de todas las materias en el Liceo N\u00ba 9. El 25 de Junio de 1976, cuando ten\u00eda 18 a\u00f1os, fue secuestrada en la calle y llevada a la ESMA. Una sobreviviente declar\u00f3 que la vio poco tiempo despu\u00e9s de su detenci\u00f3n y, reci\u00e9n en el a\u00f1o 1983, Vera Jarach supo el destino de su hija: hab\u00eda sido v\u00edctima de uno de los \u00abvuelos de la muerte\u00bb en manos de la dictadura c\u00edvico militar.<\/span><\/p>\n<p><span style=\"line-height: 1.3em;\">La Legislatura tambi\u00e9n dispuso este jueves la colocaci\u00f3n de una placa conmemorativa al cumplirse cien a\u00f1os del nacimiento del gran m\u00fasico, bandoneonista, compositor y director de orquesta An\u00edbal Carmelo Troilo en la \u201cEsquina An\u00edbal Troilo\u201d, \u00a0ubicada en la intersecci\u00f3n de las calles Paraguay y Paran\u00e1. Los impulsores de la iniciativa aprobada sobre tablas fueron el diputado Jorge Taiana y su par Mar\u00eda Rachid (FpV). <\/span><\/p>\n<p><span style=\"line-height: 1.3em;\">Los fundamentos destacan que all\u00ed \u00abpas\u00f3 muchos momentos y compuso varias de sus obras m\u00e1s notables. Fue all\u00ed donde el Gordo An\u00edbal Troilo inmortaliz\u00f3 sus tertulias y el rito de largas charlas con parroquianos asiduos u ocasionales. En ese bar, el Gordo Pichuco -considerado por muchos tangueros un s\u00edmbolo de porte\u00f1idad y bohemia- sol\u00eda elegir la tercera mesa entrando por Paraguay y prefer\u00eda el whisky con queso cheddar. Hace 44 a\u00f1os los hermanos asturianos Pedro, Pepe y Faustino Fern\u00e1ndez compraron el bar, que a principios de siglo fue almac\u00e9n y despacho de bebidas. Hasta que muri\u00f3 Troilo, en 1975, compartieron dos d\u00e9cadas de caf\u00e9s y tertulias. Para Troilo ese mundo era, entre infinitas cosas, el bar de la esquina de su casa. Un sitio que fue declarado como la esquina de An\u00edbal Troilo por un decreto del entonces intendente Julio C\u00e9sar Saguier&amp;q uot;. <\/span><\/p>\n<p><span style=\"line-height: 1.3em;\">Plaza de Palermo pas\u00f3 a llamarse \u00abInmigrantes de Armenia\u00bb <\/span><\/p>\n<p><span style=\"line-height: 1.3em;\">Se aprob\u00f3 en forma definitiva la denominaci\u00f3n \u201cInmigrantes de Armenia\u201d a la plaza delimitada por las calles Armenia, Nicaragua, Malabia y Costa Rica, en el barrio de Palermo sobre la base de un dictamen de la Comisi\u00f3n Parlamentaria de Cultura. El proyecto de Ley de segunda lectura presentado por el diputado M.C. Fernando de Andreis propone el cambio ya que no resulta casual que la plaza reciba a diario y en forma espont\u00e1nea el nombre de \u00abArmenia\u00bb, sino que dicha denominaci\u00f3n da cuenta de una hist\u00f3rica identificaci\u00f3n y\/o asociaci\u00f3n de la misma con dicha comunidad. El Genocidio Armenio provoc\u00f3 que miles de personas migraran a Argentina y se establecieran principalmente en la ciudad de Buenos Aires. Hoy en d\u00eda en Palermo se encuentran establecidas las instituciones cabeceras de la comunidad armenia, en las que desarrollan su vida social, cultural, educa tiva, deportiva y religiosa, entre otras. En la votaci\u00f3n que se realiz\u00f3 ante la presencia de miembros de la comunidad armenia en los palcos, hubo 51 votos positivos.<\/span><\/p>\n","protected":false},"excerpt":{"rendered":"<p>La colocaci\u00f3n de una placa en memoria de Franca Jarach en la calle Sucre entre Virrey V\u00e9rtiz y 11 de septiembre sobre la Plazoleta Gral. A. J Sucre, con la leyenda: \u00abEste jacarand\u00e1 recuerda a Franca Jarach detenida desaparecida por el terrorismo de Estado el 25 de Junio de 1976\u00bb, fue dispuesta hoy por el [&hellip;]<\/p>\n","protected":false},"author":2,"featured_media":22595,"comment_status":"open","ping_status":"open","sticky":false,"template":"","format":"standard","meta":{"_et_pb_use_builder":"","_et_pb_old_content":"","_et_gb_content_width":"","footnotes":""},"categories":[11,44],"tags":[],"class_list":["post-26253","post","type-post","status-publish","format-standard","has-post-thumbnail","hentry","category-ciudad","category-funcionarios-de-la-caba"],"_links":{"self":[{"href":"https:\/\/vocesdebaires.com.ar\/index.php\/wp-json\/wp\/v2\/posts\/26253"}],"collection":[{"href":"https:\/\/vocesdebaires.com.ar\/index.php\/wp-json\/wp\/v2\/posts"}],"about":[{"href":"https:\/\/vocesdebaires.com.ar\/index.php\/wp-json\/wp\/v2\/types\/post"}],"author":[{"embeddable":true,"href":"https:\/\/vocesdebaires.com.ar\/index.php\/wp-json\/wp\/v2\/users\/2"}],"replies":[{"embeddable":true,"href":"https:\/\/vocesdebaires.com.ar\/index.php\/wp-json\/wp\/v2\/comments?post=26253"}],"version-history":[{"count":0,"href":"https:\/\/vocesdebaires.com.ar\/index.php\/wp-json\/wp\/v2\/posts\/26253\/revisions"}],"wp:featuredmedia":[{"embeddable":true,"href":"https:\/\/vocesdebaires.com.ar\/index.php\/wp-json\/wp\/v2\/media\/22595"}],"wp:attachment":[{"href":"https:\/\/vocesdebaires.com.ar\/index.php\/wp-json\/wp\/v2\/media?parent=26253"}],"wp:term":[{"taxonomy":"category","embeddable":true,"href":"https:\/\/vocesdebaires.com.ar\/index.php\/wp-json\/wp\/v2\/categories?post=26253"},{"taxonomy":"post_tag","embeddable":true,"href":"https:\/\/vocesdebaires.com.ar\/index.php\/wp-json\/wp\/v2\/tags?post=26253"}],"curies":[{"name":"wp","href":"https:\/\/api.w.org\/{rel}","templated":true}]}}