{"id":2627,"date":"2020-10-14T03:39:41","date_gmt":"2020-10-14T06:39:41","guid":{"rendered":"http:\/\/vocesdebaires.com.ar\/wordpress\/index.php\/2020\/10\/14\/el-codigo-urbanistico-actualizado\/"},"modified":"2020-10-14T03:39:41","modified_gmt":"2020-10-14T06:39:41","slug":"el-codigo-urbanistico-actualizado","status":"publish","type":"post","link":"https:\/\/vocesdebaires.com.ar\/index.php\/2020\/10\/14\/el-codigo-urbanistico-actualizado\/","title":{"rendered":"El C\u00f3digo Urban\u00edstico actualizado"},"content":{"rendered":"<p>Planeamiento Urbano (que preside la legisladora\u00a0 Victoria Rold\u00e1n M\u00e9ndez VJ) continu\u00f3 con sus rondas de consultas y reuniones informativas respecto de las actualizaciones que se elaboran para el nuevo C\u00f3digo Urban\u00edstico de la Ciudad de Buenos Aires. Intervinieron funcionarios de la Secretar\u00eda de Desarrollo Urbano del gobierno local. Las modificaciones al nuevo C\u00f3digo Urban\u00edstico de la Ciudad Aut\u00f3noma de Buenos Aires -aprobadas en primera lectura pero requieren de una segunda votaci\u00f3n fueron discutidas ampliamente en Audiencia P\u00fablica durante dos jornadas, con la intervenci\u00f3n por videoconferencia de decenas de vecinos, funcionarios del Poder Ejecutivo, directivos de asociaciones profesionales y c\u00e1maras empresariales, profesionales a t\u00edtulo personal, agentes inmobiliarios, constructores y legisladores porte\u00f1os.<\/p>\n<p>El proyecto en tratamiento fue impulsado por la Jefatura de Gobierno y consensuado con instituciones representativas de los profesionales de la arquitectura, el urbanismo y la ingenier\u00eda civil. Ahora resta que la comisi\u00f3n emita dictamen para el despacho del asunto y su debate y votaci\u00f3n definitiva en una sesi\u00f3n ordinaria. Si bien el C\u00f3digo Urban\u00edstico es de reciente vigencia (se sancion\u00f3 en diciembre de 2018 despu\u00e9s de muchas discusiones, acuerdos y consensos), las adecuaciones que ahora se proponen resultan de situaciones no previstas que surgieron durante la aplicaci\u00f3n pr\u00e1ctica de lo prescripto y de nuevas definiciones para salvar algunas interpretaciones contrapuestas o no contempladas.<\/p>\n","protected":false},"excerpt":{"rendered":"<p>Planeamiento Urbano (que preside la legisladora\u00a0 Victoria Rold\u00e1n M\u00e9ndez VJ) continu\u00f3 con sus rondas de consultas y reuniones informativas respecto de las actualizaciones que se elaboran para el nuevo C\u00f3digo Urban\u00edstico de la Ciudad de Buenos Aires. Intervinieron funcionarios de la Secretar\u00eda de Desarrollo Urbano del gobierno local. Las modificaciones al nuevo C\u00f3digo Urban\u00edstico de [&hellip;]<\/p>\n","protected":false},"author":1,"featured_media":877,"comment_status":"open","ping_status":"open","sticky":false,"template":"","format":"standard","meta":{"_et_pb_use_builder":"","_et_pb_old_content":"","_et_gb_content_width":"","footnotes":""},"categories":[11,33],"tags":[],"class_list":["post-2627","post","type-post","status-publish","format-standard","has-post-thumbnail","hentry","category-ciudad","category-sociedad-y-cultura-2"],"_links":{"self":[{"href":"https:\/\/vocesdebaires.com.ar\/index.php\/wp-json\/wp\/v2\/posts\/2627"}],"collection":[{"href":"https:\/\/vocesdebaires.com.ar\/index.php\/wp-json\/wp\/v2\/posts"}],"about":[{"href":"https:\/\/vocesdebaires.com.ar\/index.php\/wp-json\/wp\/v2\/types\/post"}],"author":[{"embeddable":true,"href":"https:\/\/vocesdebaires.com.ar\/index.php\/wp-json\/wp\/v2\/users\/1"}],"replies":[{"embeddable":true,"href":"https:\/\/vocesdebaires.com.ar\/index.php\/wp-json\/wp\/v2\/comments?post=2627"}],"version-history":[{"count":0,"href":"https:\/\/vocesdebaires.com.ar\/index.php\/wp-json\/wp\/v2\/posts\/2627\/revisions"}],"wp:featuredmedia":[{"embeddable":true,"href":"https:\/\/vocesdebaires.com.ar\/index.php\/wp-json\/wp\/v2\/media\/877"}],"wp:attachment":[{"href":"https:\/\/vocesdebaires.com.ar\/index.php\/wp-json\/wp\/v2\/media?parent=2627"}],"wp:term":[{"taxonomy":"category","embeddable":true,"href":"https:\/\/vocesdebaires.com.ar\/index.php\/wp-json\/wp\/v2\/categories?post=2627"},{"taxonomy":"post_tag","embeddable":true,"href":"https:\/\/vocesdebaires.com.ar\/index.php\/wp-json\/wp\/v2\/tags?post=2627"}],"curies":[{"name":"wp","href":"https:\/\/api.w.org\/{rel}","templated":true}]}}