{"id":26283,"date":"2014-06-18T13:46:56","date_gmt":"2014-06-18T16:46:56","guid":{"rendered":"http:\/\/vocesdebaires.com.ar\/wordpress\/index.php\/2014\/06\/18\/2015garantizan-vacantes-a-ninos-de-3-a-5-anos-2\/"},"modified":"2014-06-18T13:46:56","modified_gmt":"2014-06-18T16:46:56","slug":"2015garantizan-vacantes-a-ninos-de-3-a-5-anos-2","status":"publish","type":"post","link":"https:\/\/vocesdebaires.com.ar\/index.php\/2014\/06\/18\/2015garantizan-vacantes-a-ninos-de-3-a-5-anos-2\/","title":{"rendered":"2015,garantizan  vacantes a ni\u00f1os de 3 a 5 a\u00f1os"},"content":{"rendered":"<p><span style=\"line-height: 1.3em;\">El Subsecretario de Gesti\u00f3n Financiera del Ministerio de Educaci\u00f3n de la ciudad, Carlos Regazzoni, garantiz\u00f3 que \u201clos ni\u00f1os de 3, 4 y 5 a\u00f1os tendr\u00e1n su vacante para 2015\u201d y explic\u00f3 que \u201cen el caso de la demanda para la etapa maternal, de 45 d\u00edas a 3 a\u00f1os de edad, se priorizar\u00e1 las zonas de la ciudad m\u00e1s vulnerables\u201d, seg\u00fan explicaciones que brind\u00f3 durante una reuni\u00f3n especial realizada este martes por la comisi\u00f3n de educaci\u00f3n de la Legislatura porte\u00f1a. <\/span><\/p>\n<p>\u201cNo tenemos capacidad para dar vacantes para los ni\u00f1os menores a 3 a\u00f1os. No podemos asumir el compromiso presupuestario\u201d, destac\u00f3. En ese sentido, explic\u00f3 que se est\u00e1 trabajando en obras para nuevos jardines iniciales. \u201cDurante 2013 se sumaron en nivel inicial 4000 vacantes y durante este a\u00f1o se sumar\u00e1n 3000 nuevas vacantes\u201d, puntualiz\u00f3. En tanto agreg\u00f3 que la demanda es variable a\u00f1o a a\u00f1o.<\/p>\n<p>Durante la reuni\u00f3n que comenz\u00f3 a las 15:15 y se extendi\u00f3 por tres horas, encabezada por la presidenta de la comisi\u00f3n de Educaci\u00f3n, diputada Victoria Morales Gorleri (PRO), el funcionario tambi\u00e9n asegur\u00f3 que \u201cen lo que hace a infraestructura la educaci\u00f3n ha tenido una mejora sensible\u201c y puntualiz\u00f3: \u201cal viernes pasado el 51 por ciento del presupuesto destinado a obras se ha devengado y tambi\u00e9n el 48 por ciento destinado a mantenimiento\u201d.<span style=\"line-height: 1.3em;\">\u201dEn 2013 se invirtieron 400 millones de pesos y este a\u00f1o est\u00e1 previsto aplicar 500 millones a obras. Durante 2014 la inversi\u00f3n proviene del cobro de impuestos y de fondos del Gobierno Nacional, en tanto que el a\u00f1o pasado se cont\u00f3 adem\u00e1s con lo obtenido por la venta de terrenos en la zona de Catalinas y de un fondo proveniente de subtes\u201d, continu\u00f3 Regazzoni.<\/span><\/p>\n<p>Luego el Subsecretario subray\u00f3: \u201cel presupuesto 2014 de obras se aplica, el 57 por ciento en las Comunas 4, 8 y 9 y el 32 por ciento en la Comuna 15 por una obra importante que all\u00ed se realiza\u201d. Se refiri\u00f3 tambi\u00e9n a otras cuestiones de mantenimiento y dijo: \u201cde todas las escuelas p\u00fablicas s\u00f3lo 8 tienen hoy problemas de calefacci\u00f3n, pero tienen calefacci\u00f3n alternativa o est\u00e1n en reparaci\u00f3n. Adem\u00e1s se han impermeabilizado 140 escuelas\u201d.<span style=\"line-height: 1.3em;\">El funcionario hizo al inicio de la reuni\u00f3n efectuada en el Sal\u00f3n \u00abCiudad de Montevideo\u00bb del Palacio Legislativo, una breve exposici\u00f3n y luego respondi\u00f3 preguntas de los diputados que en muchos casos fueron voceros de la gran cantidad de asistentes provenientes de distintos establecimientos educativos p\u00fablicos.<\/span><\/p>\n<p>Los diputados y diputadas Jos\u00e9 Campagnoli (NE), Lorena Pokoik (FpV), Maximiliano Ferraro (CC) y Alejandro Bodart (MST) consultaron al Subsecretario acerca de la cantidad de vacantes para nivel inicial previstas para el a\u00f1o 2015. \u201cEntre la previsi\u00f3n para el a\u00f1o pr\u00f3ximo, de 4878 vacantes, menos la demanda insatisfecha de 4300 vacantes de este a\u00f1o, nos da una suma que queremos saber a qu\u00e9 tipo de vacantes se refiere\u201d, pregunt\u00f3 Pokoik, en referencia a un informe enviado esta misma tarde por el funcionario a los legisladores. En ese sentido, la respuesta de Regazzoni fue que \u201cestar\u00e1n cubiertas por los nuevos jardines de infantes, pero en la gran mayor\u00eda de las vacantes que se abrir\u00e1n ser\u00e1n de primer grado\u201d.<\/p>\n<p>En tanto, Virginia Gonz\u00e1lez Gass (PSA) y Marcelo Ramal (FIT) presentaron numerosas situaciones de necesidades edilicias de escuelas como el Otto Krause, el Lenguas Vivas, conocido como Leng\u00fcitas, el Nicol\u00e1s Avellaneda, entre muchas otras, que fueron registradas por el funcionario y sobre las que explic\u00f3 el plan de mantenimiento. En tanto, la legisladora Mar\u00eda Eugenia Estensoro (SUMA +) manifest\u00f3 su preocupaci\u00f3n acerca de la decisi\u00f3n de \u201cabrir centros de primera infancia por el \u00e1rea asistencia social del gobierno en zonas donde hacen falta jardines maternales\u201d.<\/p>\n<p>Foto : Subsecretario de Gesti\u00f3n Financiera del Ministerio de Educaci\u00f3n de la ciudad, Carlos Regazzoni, al brindar esta tarde un informe sobre obras en escuelas porte\u00f1as en la comisi\u00f3n parlamentaria<\/p>\n","protected":false},"excerpt":{"rendered":"<p>El Subsecretario de Gesti\u00f3n Financiera del Ministerio de Educaci\u00f3n de la ciudad, Carlos Regazzoni, garantiz\u00f3 que \u201clos ni\u00f1os de 3, 4 y 5 a\u00f1os tendr\u00e1n su vacante para 2015\u201d y explic\u00f3 que \u201cen el caso de la demanda para la etapa maternal, de 45 d\u00edas a 3 a\u00f1os de edad, se priorizar\u00e1 las zonas de [&hellip;]<\/p>\n","protected":false},"author":2,"featured_media":23656,"comment_status":"open","ping_status":"open","sticky":false,"template":"","format":"standard","meta":{"_et_pb_use_builder":"","_et_pb_old_content":"","_et_gb_content_width":"","footnotes":""},"categories":[11,44],"tags":[],"class_list":["post-26283","post","type-post","status-publish","format-standard","has-post-thumbnail","hentry","category-ciudad","category-funcionarios-de-la-caba"],"_links":{"self":[{"href":"https:\/\/vocesdebaires.com.ar\/index.php\/wp-json\/wp\/v2\/posts\/26283"}],"collection":[{"href":"https:\/\/vocesdebaires.com.ar\/index.php\/wp-json\/wp\/v2\/posts"}],"about":[{"href":"https:\/\/vocesdebaires.com.ar\/index.php\/wp-json\/wp\/v2\/types\/post"}],"author":[{"embeddable":true,"href":"https:\/\/vocesdebaires.com.ar\/index.php\/wp-json\/wp\/v2\/users\/2"}],"replies":[{"embeddable":true,"href":"https:\/\/vocesdebaires.com.ar\/index.php\/wp-json\/wp\/v2\/comments?post=26283"}],"version-history":[{"count":0,"href":"https:\/\/vocesdebaires.com.ar\/index.php\/wp-json\/wp\/v2\/posts\/26283\/revisions"}],"wp:featuredmedia":[{"embeddable":true,"href":"https:\/\/vocesdebaires.com.ar\/index.php\/wp-json\/wp\/v2\/media\/23656"}],"wp:attachment":[{"href":"https:\/\/vocesdebaires.com.ar\/index.php\/wp-json\/wp\/v2\/media?parent=26283"}],"wp:term":[{"taxonomy":"category","embeddable":true,"href":"https:\/\/vocesdebaires.com.ar\/index.php\/wp-json\/wp\/v2\/categories?post=26283"},{"taxonomy":"post_tag","embeddable":true,"href":"https:\/\/vocesdebaires.com.ar\/index.php\/wp-json\/wp\/v2\/tags?post=26283"}],"curies":[{"name":"wp","href":"https:\/\/api.w.org\/{rel}","templated":true}]}}