{"id":26295,"date":"2014-06-19T17:54:00","date_gmt":"2014-06-19T20:54:00","guid":{"rendered":"http:\/\/vocesdebaires.com.ar\/wordpress\/index.php\/2014\/06\/19\/contra-el-maltrato-y-abuso-a-los-adultos-mayores-2\/"},"modified":"2014-06-19T17:54:00","modified_gmt":"2014-06-19T20:54:00","slug":"contra-el-maltrato-y-abuso-a-los-adultos-mayores-2","status":"publish","type":"post","link":"https:\/\/vocesdebaires.com.ar\/index.php\/2014\/06\/19\/contra-el-maltrato-y-abuso-a-los-adultos-mayores-2\/","title":{"rendered":"Contra el Maltrato y Abuso a los Adultos Mayores"},"content":{"rendered":"<p><span style=\"line-height: 1.3em;\">Por iniciativa de la Diputada del Pro Mar\u00eda Raquel Herrero, la Ministra de Desarrollo Social \u00a0Carolina Stanley y el Subsecretario de la Tercera Edad, Claudio Romero, todos los Diputados de la Legislatura Porte\u00f1a sesionaron con remeras alusivas a la Toma de Conciencia y Prevenci\u00f3n contra el Maltrato y Abuso a los Adultos Mayores.<\/span><span style=\"line-height: 1.3em;\">Cabe destacar que el 14 de abril de 2011 esta legislatura vot\u00f3 la Ley N\u00ba 3763 Instituyendo en nuestra Ciudad el d\u00eda 15 de junio como el \u00abD\u00eda de Toma de Conciencia y Prevenci\u00f3n contra el Maltrato y Abuso a los Adultos Mayores\u00bb, y ese mismo a\u00f1o, fue designado por la Asamblea de las Naciones Unidas el 15 de junio como el \u00abD\u00eda Mundial de Toma de Conciencia del Abuso y Maltrato en la vejez\u00bb.<\/span><\/p>\n<p><span style=\"line-height: 1.3em;\">\u00abTodos sabemos de qu\u00e9 hablamos cuando la v\u00edctima del maltrato es un Adulto Mayor y tambi\u00e9n sabemos que much\u00edsimos adultos mayores atraviesan esta problem\u00e1tica ya sea por agresi\u00f3n f\u00edsica, psicol\u00f3gica, abandono o abuso financiero. Sin entrar en detalles, cabe destacar que en lo que va del 2014 hubo un sustancial aumento de denuncias compar\u00e1ndolo con el a\u00f1o pasado\u00bb, afirm\u00f3 la Diputada del Pro.<\/span><span style=\"line-height: 1.3em;\">Es importante destacar que cualquiera sea el tipo de maltrato, el Adulto Mayor ve perdidos o lesionados sus derechos fundamentales, oblig\u00e1ndolo a transcurrir sus d\u00edas con una deteriorada calidad de vida.<\/span><span style=\"line-height: 1.3em;\">Adem\u00e1s, Raquel Herrero dijo: \u00abYo quiero agradecer a todos los diputados y diputadas de esta casa que hoy lucen estas remeras diciendo una vez mas no al maltrato al adulto mayor. Con muchos venimos trabajando much\u00edsimo temas de tercer edad y sin duda lo seguiremos haciendo\u00bb.<\/span><\/p>\n<p>Para finalizar: \u00abFormo parte de un Gobierno que ha priorizado pol\u00edticas p\u00fablicas para los adultos mayores. Es el primer gobierno que jerarquiz\u00f3 a los Centros de jubilados, a los Centros de d\u00eda y que permanentemente con mucho amor se ocupa de estar cerca escuchando las propuestas y las necesidades de nuestros mayores. Seguiremos trabajando d\u00eda a d\u00eda para recuperar los valores perdidos. Aquellos valores que nuestros adultos nos ense\u00f1aron. \u00a0Lo digo desde el coraz\u00f3n porque as\u00ed lo siento. Ellos transmiten esperanza y vida para los que estamos cerca de ser de la tercera edad y para los j\u00f3venes que tambi\u00e9n llegaran. Ellos demuestran con el ejemplo el valor de la palabra y del respeto. Estoy convencida que todo esto es lo que se necesita para hacer una Argentina grande como ellos supieron construir. Por todo esto, es que debemos tomar conciencia que el maltrato hacia ellos es una triste realidad que no podemos desconocer\u00bb.<\/p>\n","protected":false},"excerpt":{"rendered":"<p>Por iniciativa de la Diputada del Pro Mar\u00eda Raquel Herrero, la Ministra de Desarrollo Social \u00a0Carolina Stanley y el Subsecretario de la Tercera Edad, Claudio Romero, todos los Diputados de la Legislatura Porte\u00f1a sesionaron con remeras alusivas a la Toma de Conciencia y Prevenci\u00f3n contra el Maltrato y Abuso a los Adultos Mayores.Cabe destacar que [&hellip;]<\/p>\n","protected":false},"author":2,"featured_media":22346,"comment_status":"open","ping_status":"open","sticky":false,"template":"","format":"standard","meta":{"_et_pb_use_builder":"","_et_pb_old_content":"","_et_gb_content_width":"","footnotes":""},"categories":[11,44],"tags":[],"class_list":["post-26295","post","type-post","status-publish","format-standard","has-post-thumbnail","hentry","category-ciudad","category-funcionarios-de-la-caba"],"_links":{"self":[{"href":"https:\/\/vocesdebaires.com.ar\/index.php\/wp-json\/wp\/v2\/posts\/26295"}],"collection":[{"href":"https:\/\/vocesdebaires.com.ar\/index.php\/wp-json\/wp\/v2\/posts"}],"about":[{"href":"https:\/\/vocesdebaires.com.ar\/index.php\/wp-json\/wp\/v2\/types\/post"}],"author":[{"embeddable":true,"href":"https:\/\/vocesdebaires.com.ar\/index.php\/wp-json\/wp\/v2\/users\/2"}],"replies":[{"embeddable":true,"href":"https:\/\/vocesdebaires.com.ar\/index.php\/wp-json\/wp\/v2\/comments?post=26295"}],"version-history":[{"count":0,"href":"https:\/\/vocesdebaires.com.ar\/index.php\/wp-json\/wp\/v2\/posts\/26295\/revisions"}],"wp:featuredmedia":[{"embeddable":true,"href":"https:\/\/vocesdebaires.com.ar\/index.php\/wp-json\/wp\/v2\/media\/22346"}],"wp:attachment":[{"href":"https:\/\/vocesdebaires.com.ar\/index.php\/wp-json\/wp\/v2\/media?parent=26295"}],"wp:term":[{"taxonomy":"category","embeddable":true,"href":"https:\/\/vocesdebaires.com.ar\/index.php\/wp-json\/wp\/v2\/categories?post=26295"},{"taxonomy":"post_tag","embeddable":true,"href":"https:\/\/vocesdebaires.com.ar\/index.php\/wp-json\/wp\/v2\/tags?post=26295"}],"curies":[{"name":"wp","href":"https:\/\/api.w.org\/{rel}","templated":true}]}}