{"id":26297,"date":"2014-06-19T18:41:41","date_gmt":"2014-06-19T21:41:41","guid":{"rendered":"http:\/\/vocesdebaires.com.ar\/wordpress\/index.php\/2014\/06\/19\/apoyo-contra-los-fondos-buitres-2\/"},"modified":"2014-06-19T18:41:41","modified_gmt":"2014-06-19T21:41:41","slug":"apoyo-contra-los-fondos-buitres-2","status":"publish","type":"post","link":"https:\/\/vocesdebaires.com.ar\/index.php\/2014\/06\/19\/apoyo-contra-los-fondos-buitres-2\/","title":{"rendered":"Apoyo , contra los Fondos Buitres"},"content":{"rendered":"<p><span style=\"line-height: 1.3em;\">Ante la decisi\u00f3n de la Corte Suprema de Justicia de los Estados Unidos que deja firme el fallo a favor de una minor\u00eda de acreedores de la Rep\u00fablica Argentina, que no aceptaron los procesos de reestructuraci\u00f3n de la deuda en 2005, 2010 y 2013, el Cuerpo legislativo de la Ciudad de Buenos Aires aprob\u00f3 una declaraci\u00f3n en apoyo \u00aba las acciones desarrolladas por la Misi\u00f3n compuesta por integrantes de los principales partidos pol\u00edticos argentinos en Estados Unidos a favor de la defensa de los intereses nacionales\u00bb.<\/span><\/p>\n<p>\u00abLa Legislatura de la Ciudad de Buenos Aires, acompa\u00f1ar\u00e1 y har\u00e1 suyo, todos los esfuerzos pol\u00edticos que sean necesarios para evitar que estas maniobras especulativas de nivel internacional se conviertan en depredadoras de los esfuerzos genuinos de nuestro pueblo en pos del desarrollo nacional, la justicia distributiva y el bienestar general\u00bb, destacaron los fundamentos del proyecto, de autor\u00eda de los diputados Gabriel Fuks y Lorena Pokoik (FpV).<\/p>\n<p>Asimismo el Cuerpo a trav\u00e9s de la declaraci\u00f3n expresa su benepl\u00e1cito \u00abpor la decisi\u00f3n del Gobierno Nacional de arbitrar las medidas que sean necesarias para que el 92% de la Deuda Externa reestructurada de la Argentina pueda seguir cubri\u00e9ndose normalmente, evit\u00e1ndose cualquier cesaci\u00f3n de pagos o alteraciones que dificulten a los acreedores acceder a los dep\u00f3sitos de intereses y capital que normalmente realiza la Argentina\u00bb.<\/p>\n<p>La iniciativa fue aprobada sobre tablas con un texto consensuado sin discursos. Los diputados Pablo Bergel (VA) Marcelo Ramal (FIT) y Alejandro Bodart (MST) emitieron su voto negativo, mientras que el diputado Juan Pablo Arenaza (PRO), el Frente Amplio &#8211; Unen y el bloque Confianza P\u00fablica se abstuvieron. Por otra parte, fueron votados negativamente los proyectos de declaraci\u00f3n presentados por los diputados Alejandro Bodart (MST), Maximiliano Ferraro (CC), Pablo Bergel (VA) y Marcelo Ramal (FIT).\u00a0<span style=\"line-height: 1.3em;\">El conflicto entre el Estado Nacional y los fondos de inversi\u00f3n de capital de alto riesgo, conocidos como \u00abFondos Buitres\u00bb tuvo su primer desenlace judicial en febrero de 2012, cuando el juez Thomas Griesa emiti\u00f3 un fallo en el que orden\u00f3 a la Argentina pagar a los fondos Elliot, NML Capital, Dart, Aurelios, AC Paster y Blue Angel la totalidad de la deuda que reclaman, sin ning\u00fan tipo de quita.<\/span><\/p>\n","protected":false},"excerpt":{"rendered":"<p>Ante la decisi\u00f3n de la Corte Suprema de Justicia de los Estados Unidos que deja firme el fallo a favor de una minor\u00eda de acreedores de la Rep\u00fablica Argentina, que no aceptaron los procesos de reestructuraci\u00f3n de la deuda en 2005, 2010 y 2013, el Cuerpo legislativo de la Ciudad de Buenos Aires aprob\u00f3 una [&hellip;]<\/p>\n","protected":false},"author":2,"featured_media":22411,"comment_status":"open","ping_status":"open","sticky":false,"template":"","format":"standard","meta":{"_et_pb_use_builder":"","_et_pb_old_content":"","_et_gb_content_width":"","footnotes":""},"categories":[11,44],"tags":[],"class_list":["post-26297","post","type-post","status-publish","format-standard","has-post-thumbnail","hentry","category-ciudad","category-funcionarios-de-la-caba"],"_links":{"self":[{"href":"https:\/\/vocesdebaires.com.ar\/index.php\/wp-json\/wp\/v2\/posts\/26297"}],"collection":[{"href":"https:\/\/vocesdebaires.com.ar\/index.php\/wp-json\/wp\/v2\/posts"}],"about":[{"href":"https:\/\/vocesdebaires.com.ar\/index.php\/wp-json\/wp\/v2\/types\/post"}],"author":[{"embeddable":true,"href":"https:\/\/vocesdebaires.com.ar\/index.php\/wp-json\/wp\/v2\/users\/2"}],"replies":[{"embeddable":true,"href":"https:\/\/vocesdebaires.com.ar\/index.php\/wp-json\/wp\/v2\/comments?post=26297"}],"version-history":[{"count":0,"href":"https:\/\/vocesdebaires.com.ar\/index.php\/wp-json\/wp\/v2\/posts\/26297\/revisions"}],"wp:featuredmedia":[{"embeddable":true,"href":"https:\/\/vocesdebaires.com.ar\/index.php\/wp-json\/wp\/v2\/media\/22411"}],"wp:attachment":[{"href":"https:\/\/vocesdebaires.com.ar\/index.php\/wp-json\/wp\/v2\/media?parent=26297"}],"wp:term":[{"taxonomy":"category","embeddable":true,"href":"https:\/\/vocesdebaires.com.ar\/index.php\/wp-json\/wp\/v2\/categories?post=26297"},{"taxonomy":"post_tag","embeddable":true,"href":"https:\/\/vocesdebaires.com.ar\/index.php\/wp-json\/wp\/v2\/tags?post=26297"}],"curies":[{"name":"wp","href":"https:\/\/api.w.org\/{rel}","templated":true}]}}