{"id":26305,"date":"2014-06-20T17:32:00","date_gmt":"2014-06-20T20:32:00","guid":{"rendered":"http:\/\/vocesdebaires.com.ar\/wordpress\/index.php\/2014\/06\/20\/vidal-y-larreta-promocionaron-los-recreos-saludables-2\/"},"modified":"2014-06-20T17:32:00","modified_gmt":"2014-06-20T20:32:00","slug":"vidal-y-larreta-promocionaron-los-recreos-saludables-2","status":"publish","type":"post","link":"https:\/\/vocesdebaires.com.ar\/index.php\/2014\/06\/20\/vidal-y-larreta-promocionaron-los-recreos-saludables-2\/","title":{"rendered":"Vidal y Larreta promocionaron los recreos saludables"},"content":{"rendered":"<p><span style=\"line-height: 1.3em;\">La vicejefa de gobierno de la ciudad, Mar\u00eda Eugenia Vidal, y el jefe de gabinete Horacio Rodr\u00edguez Larreta, destacaron la importancia de la actividad f\u00edsica y la alimentaci\u00f3n sana para poder combatir el sedentarismo y la obesidad infantil. Lo hicieron en una actividad organizada en el marco del Programa \u201cRecreos en movimiento\u201d del gobierno porte\u00f1o, que se realiz\u00f3 en la Escuela \u201cFrench y Beruti\u201d, en Retiro.<\/span><\/p>\n<p><span style=\"line-height: 1.3em;\">\u201cRecreos en Movimiento\u201d consiste en fomentar la actividad f\u00edsica en las escuelas para que los ni\u00f1os realicen m\u00e1s actividades con movimiento durante los recreos. El proyecto se lanz\u00f3 en noviembre de 2013 y alcanza, hasta el momento, a 50 escuelas de la ciudad.<\/span><span style=\"line-height: 1.3em;\">\u201cCuatro de cada diez chicos tienen sobrepeso. Por eso es tan importante difundir que la actividad f\u00edsica es una de las mejores maneras de prevenir las enfermedades asociadas a la obesidad\u201d, remarc\u00f3 Vidal.<\/span><\/p>\n<p><span style=\"line-height: 1.3em;\">\u201cCon la tecnolog\u00eda los recreos cambiaron. La tecnolog\u00eda es una gran aliada pero es bueno saber administrar su uso\u201d, agreg\u00f3 la vicejefa. \u201cCon este programa queremos que los chicos dejen de lado el celular o la computadora, y vuelvan a recuperar el recreo como un espacio de juego y entretenimiento mientras est\u00e1n en movimiento\u201d.<\/span><span style=\"line-height: 1.3em;\">Por su parte, Larreta agreg\u00f3 que no s\u00f3lo la escuela cumple un rol fundamental en la incorporaci\u00f3n de nuevos h\u00e1bitos. \u201cEl acompa\u00f1amiento de la familia es muy importante para que los chicos aprendan a comer sano y hagan actividad f\u00edsica como un h\u00e1bito cotidiano m\u00e1s de su vida\u201d.<\/span><\/p>\n<p><span style=\"line-height: 1.3em;\">Para llevar adelante el programa \u201cRecreos en movimiento\u201d, un equipo de profesionales de la actividad f\u00edsica, junto con equipos de las \u201cJuegotecas Barriales\u201d planifican, organizan, coordinan e implementan juegos adaptados a los espacios de cada escuela durante los horarios habituales de recreo. <\/span><span style=\"line-height: 1.3em;\">Tambi\u00e9n se capacitan a docentes y ni\u00f1os de sexto grado para adaptar esta propuesta a cada instituci\u00f3n y para que \u00e9sta pueda extenderse en el tiempo. El proyecto forma parte de \u201cMi Escuela Saludable\u201d, un programa de la Direcci\u00f3n General de Desarrollo Saludable, que depende de la vicejefatura de gobierno porte\u00f1o.<\/span><\/p>\n<p><span style=\"line-height: 1.3em;\">\u201cDurante todo este mes, estaremos realizando en las escuelas demostraciones de c\u00f3mo funciona el programa para que m\u00e1s escuelas se sumen a esta iniciativa\u201d, se\u00f1al\u00f3 H\u00e9ctor Gatto, director general de Desarrollo Saludable de la ciudad.<\/span><\/p>\n","protected":false},"excerpt":{"rendered":"<p>La vicejefa de gobierno de la ciudad, Mar\u00eda Eugenia Vidal, y el jefe de gabinete Horacio Rodr\u00edguez Larreta, destacaron la importancia de la actividad f\u00edsica y la alimentaci\u00f3n sana para poder combatir el sedentarismo y la obesidad infantil. Lo hicieron en una actividad organizada en el marco del Programa \u201cRecreos en movimiento\u201d del gobierno porte\u00f1o, [&hellip;]<\/p>\n","protected":false},"author":2,"featured_media":23692,"comment_status":"open","ping_status":"open","sticky":false,"template":"","format":"standard","meta":{"_et_pb_use_builder":"","_et_pb_old_content":"","_et_gb_content_width":"","footnotes":""},"categories":[11,44],"tags":[],"class_list":["post-26305","post","type-post","status-publish","format-standard","has-post-thumbnail","hentry","category-ciudad","category-funcionarios-de-la-caba"],"_links":{"self":[{"href":"https:\/\/vocesdebaires.com.ar\/index.php\/wp-json\/wp\/v2\/posts\/26305"}],"collection":[{"href":"https:\/\/vocesdebaires.com.ar\/index.php\/wp-json\/wp\/v2\/posts"}],"about":[{"href":"https:\/\/vocesdebaires.com.ar\/index.php\/wp-json\/wp\/v2\/types\/post"}],"author":[{"embeddable":true,"href":"https:\/\/vocesdebaires.com.ar\/index.php\/wp-json\/wp\/v2\/users\/2"}],"replies":[{"embeddable":true,"href":"https:\/\/vocesdebaires.com.ar\/index.php\/wp-json\/wp\/v2\/comments?post=26305"}],"version-history":[{"count":0,"href":"https:\/\/vocesdebaires.com.ar\/index.php\/wp-json\/wp\/v2\/posts\/26305\/revisions"}],"wp:featuredmedia":[{"embeddable":true,"href":"https:\/\/vocesdebaires.com.ar\/index.php\/wp-json\/wp\/v2\/media\/23692"}],"wp:attachment":[{"href":"https:\/\/vocesdebaires.com.ar\/index.php\/wp-json\/wp\/v2\/media?parent=26305"}],"wp:term":[{"taxonomy":"category","embeddable":true,"href":"https:\/\/vocesdebaires.com.ar\/index.php\/wp-json\/wp\/v2\/categories?post=26305"},{"taxonomy":"post_tag","embeddable":true,"href":"https:\/\/vocesdebaires.com.ar\/index.php\/wp-json\/wp\/v2\/tags?post=26305"}],"curies":[{"name":"wp","href":"https:\/\/api.w.org\/{rel}","templated":true}]}}