{"id":26306,"date":"2014-06-20T17:44:22","date_gmt":"2014-06-20T20:44:22","guid":{"rendered":"http:\/\/vocesdebaires.com.ar\/wordpress\/index.php\/2014\/06\/20\/bertoni-y-burruchaga-son-personalidades-destacadas-del-deporte-2\/"},"modified":"2014-06-20T17:44:22","modified_gmt":"2014-06-20T20:44:22","slug":"bertoni-y-burruchaga-son-personalidades-destacadas-del-deporte-2","status":"publish","type":"post","link":"https:\/\/vocesdebaires.com.ar\/index.php\/2014\/06\/20\/bertoni-y-burruchaga-son-personalidades-destacadas-del-deporte-2\/","title":{"rendered":"Bertoni y Burruchaga son Personalidades Destacadas del Deporte"},"content":{"rendered":"<p><span style=\"line-height: 1.3em;\">Los dos ex jugadores de f\u00fatbol de exitosa trayectoria en el Club Atl\u00e9tico Independiente y en la Selecci\u00f3n Argentina, Ricardo Daniel Bertoni y Jorge Burruchaga, recibieron los atributos de Personalidades destacadas de la Ciudad Aut\u00f3noma de Buenos Aires en el \u00e1mbito del deporte.<\/span><span style=\"line-height: 1.3em;\">El diploma, cumpliendo con las leyes 4987 y 4988 sancionadas por el Cuerpo parlamentario porte\u00f1o con 56 votos positivos en la Sesi\u00f3n Ordinaria del pasado 5 de mayo, les fue entregado por los Vicepresidentes 1\u00ba y 2\u00ba de la Legislatura, diputados Cristian Ritondo (PRO) y Juan Carlos Dante Gullo (FpV) impulsores de los proyectos parlamentarios.<\/span><\/p>\n<p>Ritondo mencion\u00f3 que el acto le inspiraba \u00abuna triple alegr\u00eda: como administrador de la Legislatura, coautor de las leyes e hincha de Independiente\u00bb. Manifest\u00f3 su satisfacci\u00f3n y orgullo porque \u00abpara los que somos apasionados del f\u00fatbol nos toca reconocer a personalidades de magnitud, que nos han hecho llorar de alegr\u00eda\u00bb. Record\u00f3 que \u00aben el 78 Bertoni y en el 86 Burruchaga, fueron los dos jugadores que hicieron los \u00faltimos goles de la Selecci\u00f3n Nacional campeona en los dos mundiales\u00bb. Y finalmente, inst\u00f3 a que \u00abIndependiente vuelva a alcanzar como instituci\u00f3n el brillo ejemplar que tuvo en otros tiempos\u00bb.<\/p>\n<p>Por su parte, Gullo dijo estar esperanzado en que \u00abla Familia Roja tome el tim\u00f3n hacia su destino de grandeza\u00bb y tambi\u00e9n dese\u00f3 \u00abque pase lo mejor en el Club de Avellaneda; muchos estamos decididos a colaborar y a poner el hombro\u00bb, enfatiz\u00f3. <span style=\"line-height: 1.3em;\">Con inocultable emoci\u00f3n Burruchaga, primero y Bertoni despu\u00e9s, agradecieron a la Legislatura por la distinci\u00f3n. \u00abMe cost\u00f3 much\u00edsimo poder llegar porque vengo de una familia superhumilde, no fue sencillo y agradezco en especial a mi vieja que fue la que m\u00e1s hizo para que pueda alcanzar el sue\u00f1o de todo futbolista: llegar a un mundial\u00bb, asegur\u00f3 Burruchaga. En tanto, Bertoni breg\u00f3 \u00abpara no cesar en la lucha por un Independiente unido; unidos tenemos que sacar al Club adelante, con el trabajo en conjunto recuperar la grandeza que nos distingue, que sea \u00e9sta nuestra bandera\u00bb. <\/span><\/p>\n<p>A la ceremonia realizada en el Sal\u00f3n \u00abCiudad de Montevideo\u00bb asistieron familiares y amigos de los homenajeados, ex jugadores, dirigentes entre ellos el presidente del Club Atl\u00e9tico Boca Juniors, Daniel Angelici y numerosos socios simpatizantes del Rojo del Avellaneda. Estuvieron los diputados Roberto Quattromano -vicepresidente de la comisi\u00f3n parlamentaria de Deportes y Turismo-, Jorge Garayalde, Enzo Pagani, Francisco Quintana y la legisladora Raquel Herrero (PRO).<span style=\"line-height: 1.3em;\">La entidad de Avellaneda naci\u00f3 en el a\u00f1o 1905 por iniciativa de los empleados de \u00abA la ciudad de Londres\u00bb, una de las tiendas de mayor categor\u00eda de la ciudad ubicada en la esquina de Per\u00fa y Victoria -actual Hip\u00f3lito Yrigoyen-, frente al Palacio Legislativo.<\/span><\/p>\n<p>Exitosas trayectorias futbol\u00edsticas<\/p>\n<p>Jorge Burruchaga arrib\u00f3 a Independiente en 1982. Jug\u00f3 234 partidos e hizo 72 goles. Integr\u00f3 los equipos ganadores del Campeonato Metropolitano de 1983, de la Copa Libertadores 1984, donde consigui\u00f3 tambi\u00e9n el gol del t\u00edtulo contra Gremio de Brasil, y de la Copa Intercontinental 1984. Visti\u00f3 la camiseta de la Selecci\u00f3n Argentina de f\u00fatbol entre los a\u00f1os 1983 y 1990, disput\u00f3 59 partidos y marc\u00f3 13 goles. Conquist\u00f3 la Copa del Mundo de 1986 en M\u00e9xico anotando 2 goles, uno de ellos en la final y que vali\u00f3 el triunfo por 3 a 2 sobre Alemania.<\/p>\n<p>Desde su retiro del f\u00fatbol profesional se ha desempe\u00f1ado como entrenador. Sus primeros pasos como director t\u00e9cnico los dio en el f\u00fatbol de ascenso con Defensa y Justicia, luego pas\u00f3 a Los Andes, hasta recalar en el a\u00f1o 2001 en Arsenal de Sarand\u00ed, al que llev\u00f3 a la Primera Divisi\u00f3n en 2002. En 2005 dirigi\u00f3 a Estudiantes de La Plata, equipo con el que disput\u00f3 la prestigiosa Copa Libertadores. En 2006 se hizo cargo de Independiente, disput\u00f3 el Torneo Apertura y finaliz\u00f3 en el 4\u00ba puesto. En el Apertura 2008 asumi\u00f3 en Banfield y en el Clausura 2009 volvi\u00f3 a Arsenal. En 2011 dirigi\u00f3 a Godoy Cruz, de Mendoza; y en diciembre de 2012 fue contratado como entrenador de Atl\u00e9tico Rafaela.<\/p>\n<p>Por su parte, Ricardo Daniel Bertoni fue distinguido por ser considerado \u00abcomo uno de los \u00eddolos m\u00e1ximos en la historia del Club Atl\u00e9tico Independiente\u00bb, seg\u00fan sostuvieron los fundamentos del proyecto de ley. En el club de Avellaneda conquist\u00f3 tres veces la Copa Libertadores, entre otros t\u00edtulos internacionales. Asimismo se ha desempe\u00f1ado como t\u00e9cnico de la instituci\u00f3n. Tambi\u00e9n particip\u00f3 en la Selecci\u00f3n Argentina de f\u00fatbol entre los a\u00f1os 1974 y 1982, disput\u00f3 31 partidos y marc\u00f3 12 goles. Conquist\u00f3 la Copa Mundial de F\u00fatbol de 1978, que se disput\u00f3 en nuestro pa\u00eds anotando 1 gol en la final del torneo para la victoria por 3 a 1 sobre Holanda y particip\u00f3 tambi\u00e9n del Mundial de 1982, en Espa\u00f1a.<\/p>\n<p>Foto ; Jorge Burruchaga (izq) y Ricardo Daniel Bertoni (der) muestran los diplomas que recibieron de los diputados Cristian Ritondo y Juan Carlos Dante Gullo<\/p>\n","protected":false},"excerpt":{"rendered":"<p>Los dos ex jugadores de f\u00fatbol de exitosa trayectoria en el Club Atl\u00e9tico Independiente y en la Selecci\u00f3n Argentina, Ricardo Daniel Bertoni y Jorge Burruchaga, recibieron los atributos de Personalidades destacadas de la Ciudad Aut\u00f3noma de Buenos Aires en el \u00e1mbito del deporte.El diploma, cumpliendo con las leyes 4987 y 4988 sancionadas por el Cuerpo [&hellip;]<\/p>\n","protected":false},"author":2,"featured_media":23694,"comment_status":"open","ping_status":"open","sticky":false,"template":"","format":"standard","meta":{"_et_pb_use_builder":"","_et_pb_old_content":"","_et_gb_content_width":"","footnotes":""},"categories":[11,44],"tags":[],"class_list":["post-26306","post","type-post","status-publish","format-standard","has-post-thumbnail","hentry","category-ciudad","category-funcionarios-de-la-caba"],"_links":{"self":[{"href":"https:\/\/vocesdebaires.com.ar\/index.php\/wp-json\/wp\/v2\/posts\/26306"}],"collection":[{"href":"https:\/\/vocesdebaires.com.ar\/index.php\/wp-json\/wp\/v2\/posts"}],"about":[{"href":"https:\/\/vocesdebaires.com.ar\/index.php\/wp-json\/wp\/v2\/types\/post"}],"author":[{"embeddable":true,"href":"https:\/\/vocesdebaires.com.ar\/index.php\/wp-json\/wp\/v2\/users\/2"}],"replies":[{"embeddable":true,"href":"https:\/\/vocesdebaires.com.ar\/index.php\/wp-json\/wp\/v2\/comments?post=26306"}],"version-history":[{"count":0,"href":"https:\/\/vocesdebaires.com.ar\/index.php\/wp-json\/wp\/v2\/posts\/26306\/revisions"}],"wp:featuredmedia":[{"embeddable":true,"href":"https:\/\/vocesdebaires.com.ar\/index.php\/wp-json\/wp\/v2\/media\/23694"}],"wp:attachment":[{"href":"https:\/\/vocesdebaires.com.ar\/index.php\/wp-json\/wp\/v2\/media?parent=26306"}],"wp:term":[{"taxonomy":"category","embeddable":true,"href":"https:\/\/vocesdebaires.com.ar\/index.php\/wp-json\/wp\/v2\/categories?post=26306"},{"taxonomy":"post_tag","embeddable":true,"href":"https:\/\/vocesdebaires.com.ar\/index.php\/wp-json\/wp\/v2\/tags?post=26306"}],"curies":[{"name":"wp","href":"https:\/\/api.w.org\/{rel}","templated":true}]}}