{"id":26315,"date":"2014-06-24T12:52:26","date_gmt":"2014-06-24T15:52:26","guid":{"rendered":"http:\/\/vocesdebaires.com.ar\/wordpress\/index.php\/2014\/06\/24\/madre-de-cerati-recibio-distincion-para-su-hijo-2\/"},"modified":"2014-06-24T12:52:26","modified_gmt":"2014-06-24T15:52:26","slug":"madre-de-cerati-recibio-distincion-para-su-hijo-2","status":"publish","type":"post","link":"https:\/\/vocesdebaires.com.ar\/index.php\/2014\/06\/24\/madre-de-cerati-recibio-distincion-para-su-hijo-2\/","title":{"rendered":"Madre de Cerati recibi\u00f3 distinci\u00f3n para su hijo"},"content":{"rendered":"<p><span style=\"line-height: 1.3em;\">La familia de Gustavo Cerati agradeci\u00f3 hoy la m\u00e1xima distinci\u00f3n que otorga la Legislatura de la Ciudad de Buenos Aires, y que en diciembre \u00faltimo fuera destinada al m\u00fasico que permanece en coma en una cl\u00ednica porte\u00f1a tras sufrir un accidente cerebrovascular el 15 de mayo del a\u00f1o 2010 luego de un concierto que ofreci\u00f3 en Venezuela.<\/span><\/p>\n<p>Lilian Clark junto a sus nietos Benito y Lisa Cerati, recibi\u00f3 de manos de los diputados MC Claudio Presman y Rub\u00e9n Campos (UCR), el diploma y la medalla que acredita la decisi\u00f3n legislativa formalizada en la 27\u00aa Sesi\u00f3n Ordinaria del 5 de diciembre de 2013 a trav\u00e9s de la sanci\u00f3n de la Ley N\u00ba 4834 que en su \u00fanico art\u00edculo expresa: \u00abDecl\u00e1rese Ciudadano Ilustre de la Ciudad Aut\u00f3noma de Buenos Aires al m\u00fasico y compositor Gustavo Adri\u00e1n Cerati\u00bb.<\/p>\n<p>El acto que tuvo un marco de sencillez y austeridad, se realiz\u00f3 esta tarde en el Sal\u00f3n Eva Per\u00f3n del Palacio Legislativo.\u00a0<span style=\"line-height: 1.3em;\">El Expediente N\u00ba 848-D-2012 iniciado por los legisladores fue despachado favorablemente por la Comisi\u00f3n de Cultura el 29 de noviembre de 2013 y d\u00edas despu\u00e9s fue aprobado por unanimidad en el Recinto de Sesiones.<\/span><\/p>\n<p><span style=\"line-height: 1.3em;\">Foto : Lilian Clark observa emocionada el diploma destinado a su hijo que le entregaran los diputados MC Claudio Presman (izq) y Rub\u00e9n Campos (der)<\/span><\/p>\n","protected":false},"excerpt":{"rendered":"<p>La familia de Gustavo Cerati agradeci\u00f3 hoy la m\u00e1xima distinci\u00f3n que otorga la Legislatura de la Ciudad de Buenos Aires, y que en diciembre \u00faltimo fuera destinada al m\u00fasico que permanece en coma en una cl\u00ednica porte\u00f1a tras sufrir un accidente cerebrovascular el 15 de mayo del a\u00f1o 2010 luego de un concierto que ofreci\u00f3 [&hellip;]<\/p>\n","protected":false},"author":2,"featured_media":23712,"comment_status":"open","ping_status":"open","sticky":false,"template":"","format":"standard","meta":{"_et_pb_use_builder":"","_et_pb_old_content":"","_et_gb_content_width":"","footnotes":""},"categories":[11,44],"tags":[],"class_list":["post-26315","post","type-post","status-publish","format-standard","has-post-thumbnail","hentry","category-ciudad","category-funcionarios-de-la-caba"],"_links":{"self":[{"href":"https:\/\/vocesdebaires.com.ar\/index.php\/wp-json\/wp\/v2\/posts\/26315"}],"collection":[{"href":"https:\/\/vocesdebaires.com.ar\/index.php\/wp-json\/wp\/v2\/posts"}],"about":[{"href":"https:\/\/vocesdebaires.com.ar\/index.php\/wp-json\/wp\/v2\/types\/post"}],"author":[{"embeddable":true,"href":"https:\/\/vocesdebaires.com.ar\/index.php\/wp-json\/wp\/v2\/users\/2"}],"replies":[{"embeddable":true,"href":"https:\/\/vocesdebaires.com.ar\/index.php\/wp-json\/wp\/v2\/comments?post=26315"}],"version-history":[{"count":0,"href":"https:\/\/vocesdebaires.com.ar\/index.php\/wp-json\/wp\/v2\/posts\/26315\/revisions"}],"wp:featuredmedia":[{"embeddable":true,"href":"https:\/\/vocesdebaires.com.ar\/index.php\/wp-json\/wp\/v2\/media\/23712"}],"wp:attachment":[{"href":"https:\/\/vocesdebaires.com.ar\/index.php\/wp-json\/wp\/v2\/media?parent=26315"}],"wp:term":[{"taxonomy":"category","embeddable":true,"href":"https:\/\/vocesdebaires.com.ar\/index.php\/wp-json\/wp\/v2\/categories?post=26315"},{"taxonomy":"post_tag","embeddable":true,"href":"https:\/\/vocesdebaires.com.ar\/index.php\/wp-json\/wp\/v2\/tags?post=26315"}],"curies":[{"name":"wp","href":"https:\/\/api.w.org\/{rel}","templated":true}]}}