{"id":26316,"date":"2014-06-24T13:50:57","date_gmt":"2014-06-24T16:50:57","guid":{"rendered":"http:\/\/vocesdebaires.com.ar\/wordpress\/index.php\/2014\/06\/24\/vidal-en-la-provincia-hay-mucho-por-hacer-2\/"},"modified":"2014-06-24T13:50:57","modified_gmt":"2014-06-24T16:50:57","slug":"vidal-en-la-provincia-hay-mucho-por-hacer-2","status":"publish","type":"post","link":"https:\/\/vocesdebaires.com.ar\/index.php\/2014\/06\/24\/vidal-en-la-provincia-hay-mucho-por-hacer-2\/","title":{"rendered":"Vidal: \u201cEn la provincia hay mucho por hacer\u201d"},"content":{"rendered":"<p><span style=\"line-height: 1.3em;\"> La referente PRO Mar\u00eda Eugenia Vidal recorri\u00f3 el partido de San Vicente, donde asegur\u00f3 que \u201cen la provincia de Buenos Aires hay mucho por hacer, porque hay muchas deudas. Son a\u00f1os conviviendo con la falta de infraestructura, de cloacas, de rutas. Por eso, le decimos a la gente que en 2015 va a poder elegir entre aquellos que gobernaron siempre y un grupo de personas que gobierna la Ciudad de Buenos Aires y que puede mostrar resultados concretos, un cambio en serio\u201d.<\/span><\/p>\n<p><span style=\"line-height: 1.3em;\">\u201cEn San Vicente, como en muchos otros lugares de la provincia, los vecinos sienten la inseguridad y el avance de la droga. Esas tambi\u00e9n son deudas que llevan a\u00f1os, y los mismos de siempre no las pueden saldar. Por eso, queremos que a partir de 2015 haya un Estado presente que pueda mejorar la vida de los bonaerenses. El PRO es un cambio para toda la Argentina\u201d, sostuvo.<\/span><span style=\"line-height: 1.3em;\">Vidal estuvo acompa\u00f1ada por el legislador Federico Salvai. Juntos visitaron un comedor barrial en Alejandro Korn, se reunieron con vecinos y con los bomberos voluntarios de San Vicente.<\/span><\/p>\n","protected":false},"excerpt":{"rendered":"<p>La referente PRO Mar\u00eda Eugenia Vidal recorri\u00f3 el partido de San Vicente, donde asegur\u00f3 que \u201cen la provincia de Buenos Aires hay mucho por hacer, porque hay muchas deudas. Son a\u00f1os conviviendo con la falta de infraestructura, de cloacas, de rutas. Por eso, le decimos a la gente que en 2015 va a poder elegir [&hellip;]<\/p>\n","protected":false},"author":2,"featured_media":23714,"comment_status":"open","ping_status":"open","sticky":false,"template":"","format":"standard","meta":{"_et_pb_use_builder":"","_et_pb_old_content":"","_et_gb_content_width":"","footnotes":""},"categories":[11,44],"tags":[],"class_list":["post-26316","post","type-post","status-publish","format-standard","has-post-thumbnail","hentry","category-ciudad","category-funcionarios-de-la-caba"],"_links":{"self":[{"href":"https:\/\/vocesdebaires.com.ar\/index.php\/wp-json\/wp\/v2\/posts\/26316"}],"collection":[{"href":"https:\/\/vocesdebaires.com.ar\/index.php\/wp-json\/wp\/v2\/posts"}],"about":[{"href":"https:\/\/vocesdebaires.com.ar\/index.php\/wp-json\/wp\/v2\/types\/post"}],"author":[{"embeddable":true,"href":"https:\/\/vocesdebaires.com.ar\/index.php\/wp-json\/wp\/v2\/users\/2"}],"replies":[{"embeddable":true,"href":"https:\/\/vocesdebaires.com.ar\/index.php\/wp-json\/wp\/v2\/comments?post=26316"}],"version-history":[{"count":0,"href":"https:\/\/vocesdebaires.com.ar\/index.php\/wp-json\/wp\/v2\/posts\/26316\/revisions"}],"wp:featuredmedia":[{"embeddable":true,"href":"https:\/\/vocesdebaires.com.ar\/index.php\/wp-json\/wp\/v2\/media\/23714"}],"wp:attachment":[{"href":"https:\/\/vocesdebaires.com.ar\/index.php\/wp-json\/wp\/v2\/media?parent=26316"}],"wp:term":[{"taxonomy":"category","embeddable":true,"href":"https:\/\/vocesdebaires.com.ar\/index.php\/wp-json\/wp\/v2\/categories?post=26316"},{"taxonomy":"post_tag","embeddable":true,"href":"https:\/\/vocesdebaires.com.ar\/index.php\/wp-json\/wp\/v2\/tags?post=26316"}],"curies":[{"name":"wp","href":"https:\/\/api.w.org\/{rel}","templated":true}]}}