{"id":26324,"date":"2014-06-25T13:05:35","date_gmt":"2014-06-25T16:05:35","guid":{"rendered":"http:\/\/vocesdebaires.com.ar\/wordpress\/index.php\/2014\/06\/25\/la-ciudad-inauguro-una-escultura-en-homenaje-a-rodrigo-2\/"},"modified":"2014-06-25T13:05:35","modified_gmt":"2014-06-25T16:05:35","slug":"la-ciudad-inauguro-una-escultura-en-homenaje-a-rodrigo-2","status":"publish","type":"post","link":"https:\/\/vocesdebaires.com.ar\/index.php\/2014\/06\/25\/la-ciudad-inauguro-una-escultura-en-homenaje-a-rodrigo-2\/","title":{"rendered":"La Ciudad inaugur\u00f3 una escultura en homenaje a Rodrigo"},"content":{"rendered":"<p><span style=\"line-height: 1.3em;\">La vicejefa de Gobierno porte\u00f1o, Mar\u00eda Eugenia Vidal, junto con el jefe de Gabinete, Horacio Rodr\u00edguez Larreta, homenajearon a Rodrigo \u201cEl Potro\u201d Bueno, a 14 a\u00f1os de su muerte.<\/span><span style=\"line-height: 1.3em;\">A partir de hoy, la Ciudad recuerda al artista cordob\u00e9s con una escultura en la puerta de la discoteca \u201cFant\u00e1stico Bailable\u201d, donde realiz\u00f3 su primer recital en vivo en Buenos Aires en 1991. Rodrigo falleci\u00f3 a los 27 a\u00f1os, el 24 de junio de 2000, en un accidente sobre la autopista Buenos Aires \u2013 La Plata.<\/span><\/p>\n<p><span style=\"line-height: 1.3em;\">\u201cEs un peque\u00f1o homenaje para alguien que trajo el cuarteto a la Ciudad y que no se fue m\u00e1s, porque despu\u00e9s de \u00e9l mucha gente lo sigui\u00f3 bailando y escuchando\u201d, se\u00f1al\u00f3 Vidal. Por su parte, Larreta destac\u00f3 la presencia de numerosos seguidores y agreg\u00f3 que es un \u201corgullo y un lind\u00edsimo homenaje que le hace la Ciudad a Rodrigo\u201d.<\/span><span style=\"line-height: 1.3em;\">Estuvieron presentes Beatriz Olave y Ramiro Bueno, madre e hijo del cantante cordob\u00e9s; y el conductor y productor Daniel \u201cTota\u201d Santill\u00e1n.<\/span><\/p>\n","protected":false},"excerpt":{"rendered":"<p>La vicejefa de Gobierno porte\u00f1o, Mar\u00eda Eugenia Vidal, junto con el jefe de Gabinete, Horacio Rodr\u00edguez Larreta, homenajearon a Rodrigo \u201cEl Potro\u201d Bueno, a 14 a\u00f1os de su muerte.A partir de hoy, la Ciudad recuerda al artista cordob\u00e9s con una escultura en la puerta de la discoteca \u201cFant\u00e1stico Bailable\u201d, donde realiz\u00f3 su primer recital en [&hellip;]<\/p>\n","protected":false},"author":2,"featured_media":23729,"comment_status":"open","ping_status":"open","sticky":false,"template":"","format":"standard","meta":{"_et_pb_use_builder":"","_et_pb_old_content":"","_et_gb_content_width":"","footnotes":""},"categories":[11,44],"tags":[],"class_list":["post-26324","post","type-post","status-publish","format-standard","has-post-thumbnail","hentry","category-ciudad","category-funcionarios-de-la-caba"],"_links":{"self":[{"href":"https:\/\/vocesdebaires.com.ar\/index.php\/wp-json\/wp\/v2\/posts\/26324"}],"collection":[{"href":"https:\/\/vocesdebaires.com.ar\/index.php\/wp-json\/wp\/v2\/posts"}],"about":[{"href":"https:\/\/vocesdebaires.com.ar\/index.php\/wp-json\/wp\/v2\/types\/post"}],"author":[{"embeddable":true,"href":"https:\/\/vocesdebaires.com.ar\/index.php\/wp-json\/wp\/v2\/users\/2"}],"replies":[{"embeddable":true,"href":"https:\/\/vocesdebaires.com.ar\/index.php\/wp-json\/wp\/v2\/comments?post=26324"}],"version-history":[{"count":0,"href":"https:\/\/vocesdebaires.com.ar\/index.php\/wp-json\/wp\/v2\/posts\/26324\/revisions"}],"wp:featuredmedia":[{"embeddable":true,"href":"https:\/\/vocesdebaires.com.ar\/index.php\/wp-json\/wp\/v2\/media\/23729"}],"wp:attachment":[{"href":"https:\/\/vocesdebaires.com.ar\/index.php\/wp-json\/wp\/v2\/media?parent=26324"}],"wp:term":[{"taxonomy":"category","embeddable":true,"href":"https:\/\/vocesdebaires.com.ar\/index.php\/wp-json\/wp\/v2\/categories?post=26324"},{"taxonomy":"post_tag","embeddable":true,"href":"https:\/\/vocesdebaires.com.ar\/index.php\/wp-json\/wp\/v2\/tags?post=26324"}],"curies":[{"name":"wp","href":"https:\/\/api.w.org\/{rel}","templated":true}]}}