{"id":26337,"date":"2014-06-27T12:41:03","date_gmt":"2014-06-27T15:41:03","guid":{"rendered":"http:\/\/vocesdebaires.com.ar\/wordpress\/index.php\/2014\/06\/27\/legislaturaautorizan-ampliacion-presupuestaria-2\/"},"modified":"2014-06-27T12:41:03","modified_gmt":"2014-06-27T15:41:03","slug":"legislaturaautorizan-ampliacion-presupuestaria-2","status":"publish","type":"post","link":"https:\/\/vocesdebaires.com.ar\/index.php\/2014\/06\/27\/legislaturaautorizan-ampliacion-presupuestaria-2\/","title":{"rendered":"Legislatura:Autorizan ampliaci\u00f3n presupuestaria"},"content":{"rendered":"<p><span style=\"line-height: 1.3em;\">La Legislatura de la Ciudad Aut\u00f3noma de Buenos Aires autoriz\u00f3 la ampliaci\u00f3n presupuestaria del Gobierno porte\u00f1o por un total de $ 3.162 millones en los cr\u00e9ditos asociados al gasto en personal originado en las distintas negociaciones salariales con las correspondientes representaciones gremiales, seg\u00fan lo solicitado por el Jefe de Gobierno de la ciudad, Ing. Mauricio Macri.<\/span><span style=\"line-height: 1.3em;\">Se contempla tambi\u00e9n la ampliaci\u00f3n de distintas partidas con el objeto de reforzar el subsidio a la educaci\u00f3n privada, los subsidios sociales que se otorgan a trav\u00e9s de diversos programas del Ministerio de Desarrollo Social y de la Jefatura de Gabinete de Ministros, la asistencia en villas y la entrega de becas en educaci\u00f3n y cultura; se incluyen, igualmente, previsiones para cubrir el incremento del subsidio destinado al Hospital Garrahan y al aumento de precios en insumos hospitalarios.<\/span><\/p>\n<p><span style=\"line-height: 1.3em;\">Adem\u00e1s se autoriz\u00f3 al Poder Ejecutivo a destinar $ 1.312.742.800 de los fondos provenientes de las operaciones de cr\u00e9dito p\u00fablico llevadas a cabo al amparo de la Ley N\u00ba 4.810 a abonar un Anticipo Financiero para la adquisici\u00f3n de equipamiento y bienes de capital a las empresas adjudicatarias de la Licitaci\u00f3n P\u00fablica Nacional e Internacional N\u00ba 997\/13 \u201cServicio P\u00fablico de Higiene Urbana \u2013 Fracci\u00f3n H\u00famedos\u201d.<\/span><span style=\"line-height: 1.3em;\">El diputado Alejandro Garc\u00eda (PRO), titular de la Comisi\u00f3n de Presupuesto, fundament\u00f3 la solicitud del Ejecutivo contenida en el expediente 1403-J-14 destac\u00f3 tambi\u00e9n otros fines como los servicios de subterr\u00e1neos y de seguridad privada, as\u00ed como redeterminaciones de precios. <\/span><\/p>\n<p><span style=\"line-height: 1.3em;\">En tanto, Edgardo Form (NE) fundament\u00f3 la abstenci\u00f3n de su bloque: \u00abEs inc\u00f3moda la situaci\u00f3n en la que nos ponen porque la ampliaci\u00f3n presupuestaria incluye gastos destinados a trabajadores dependientes de la Ciudad, pero existen otros puntos que nos generaron dudas y controversias\u00bb. Destac\u00f3, por ejemplo, que en educaci\u00f3n no se destacan ampliaciones y que en el \u00e1rea de vivienda no se destinan los recursos indispensables a la poblaci\u00f3n adyacenete a la Villa Ol\u00edmpica. Gustavo Vera (VA), autor de un dictamen de minor\u00eda postulando el archivo, sostuvo su oposici\u00f3n por los mismos motivos, dijo que \u00abel art\u00edculo 2\u00ba destina $ 1.312 M para equipamiento y bienes de capital de una concesi\u00f3n vencida y a Metrov\u00edas se le otorga $ 61 M cuando en 2013 se le dieron $ 934 M\u00bb. La legisladora Graciela Oca\u00f1a (CP) consider\u00f3 que el endeudamiento es \u00abinapropiado porque contribuye al enriquecimiento ileg\u00edtimo de las empresas prestadoras de la recolecci\u00f3n de residuos\u00bb. En tanto, Gabriel Fuks comunic\u00f3 la abstenci\u00f3n del bloque Frente para la Victoria y asegur\u00f3 que no convalidan espec\u00edficamente \u00abel acuerdo de adquisici\u00f3n de equipamiento y bienes de capital destinado a las empresas adjudicatarias de la licitaci\u00f3n sobre el servicio p\u00fablico de Higiene Urbana\u201d. El diputado Marcelo Ramal (FIT) mencion\u00f3 que \u00abel presupuesto es de ajuste social\u00bb. <\/span><\/p>\n<p><span style=\"line-height: 1.3em;\">La votaci\u00f3n en geenral result\u00f3 de 38 votos positivos (PRO, SUMA+, CC); 4 negativos de los diputados Pablo Bergel (VA), Virginia Gon\u00e1lez Gass (PSA), Marcelo Ramal (FIT) y Gustavo Vera (VA) y 13 abstenciones (FpV y de los legisladores Claudio Palmeyro (PJ), Pablo Ferreyra (IP), Edgardo Form (NE) y An\u00edbal Ibarra (FPP)).<\/span><\/p>\n","protected":false},"excerpt":{"rendered":"<p>La Legislatura de la Ciudad Aut\u00f3noma de Buenos Aires autoriz\u00f3 la ampliaci\u00f3n presupuestaria del Gobierno porte\u00f1o por un total de $ 3.162 millones en los cr\u00e9ditos asociados al gasto en personal originado en las distintas negociaciones salariales con las correspondientes representaciones gremiales, seg\u00fan lo solicitado por el Jefe de Gobierno de la ciudad, Ing. Mauricio [&hellip;]<\/p>\n","protected":false},"author":2,"featured_media":23754,"comment_status":"open","ping_status":"open","sticky":false,"template":"","format":"standard","meta":{"_et_pb_use_builder":"","_et_pb_old_content":"","_et_gb_content_width":"","footnotes":""},"categories":[11,44],"tags":[],"class_list":["post-26337","post","type-post","status-publish","format-standard","has-post-thumbnail","hentry","category-ciudad","category-funcionarios-de-la-caba"],"_links":{"self":[{"href":"https:\/\/vocesdebaires.com.ar\/index.php\/wp-json\/wp\/v2\/posts\/26337"}],"collection":[{"href":"https:\/\/vocesdebaires.com.ar\/index.php\/wp-json\/wp\/v2\/posts"}],"about":[{"href":"https:\/\/vocesdebaires.com.ar\/index.php\/wp-json\/wp\/v2\/types\/post"}],"author":[{"embeddable":true,"href":"https:\/\/vocesdebaires.com.ar\/index.php\/wp-json\/wp\/v2\/users\/2"}],"replies":[{"embeddable":true,"href":"https:\/\/vocesdebaires.com.ar\/index.php\/wp-json\/wp\/v2\/comments?post=26337"}],"version-history":[{"count":0,"href":"https:\/\/vocesdebaires.com.ar\/index.php\/wp-json\/wp\/v2\/posts\/26337\/revisions"}],"wp:featuredmedia":[{"embeddable":true,"href":"https:\/\/vocesdebaires.com.ar\/index.php\/wp-json\/wp\/v2\/media\/23754"}],"wp:attachment":[{"href":"https:\/\/vocesdebaires.com.ar\/index.php\/wp-json\/wp\/v2\/media?parent=26337"}],"wp:term":[{"taxonomy":"category","embeddable":true,"href":"https:\/\/vocesdebaires.com.ar\/index.php\/wp-json\/wp\/v2\/categories?post=26337"},{"taxonomy":"post_tag","embeddable":true,"href":"https:\/\/vocesdebaires.com.ar\/index.php\/wp-json\/wp\/v2\/tags?post=26337"}],"curies":[{"name":"wp","href":"https:\/\/api.w.org\/{rel}","templated":true}]}}